{"id":11618,"date":"2020-01-13T11:57:40","date_gmt":"2020-01-13T14:57:40","guid":{"rendered":"http:\/\/www.sertsc.org.br\/site\/?p=11618"},"modified":"2020-01-13T11:57:40","modified_gmt":"2020-01-13T14:57:40","slug":"novas-diretorias-de-associacoes-de-radiodifusao-estaduais-sao-formadas-no-rio-de-janeiro-ceara-parana-e-santa-catarina","status":"publish","type":"post","link":"https:\/\/sertsc.org.br\/site\/novas-diretorias-de-associacoes-de-radiodifusao-estaduais-sao-formadas-no-rio-de-janeiro-ceara-parana-e-santa-catarina\/","title":{"rendered":"Novas diretorias de associa\u00e7\u00f5es de radiodifus\u00e3o estaduais s\u00e3o formadas no Rio de Janeiro, Cear\u00e1, Paran\u00e1 e Santa Catarina"},"content":{"rendered":"<p style=\"text-align: justify;\">O ano come\u00e7ou e diversas associa\u00e7\u00f5es estaduais j\u00e1 contam com nova composi\u00e7\u00e3o de seus quadros para o novo bi\u00eanio. Caso da AERJ (Associa\u00e7\u00e3o das Emissoras de R\u00e1dio e Televis\u00e3o do Estado do Rio de Janeiro) e ACERT (Associa\u00e7\u00e3o Cearense de Emissoras de R\u00e1dio e Televis\u00e3o), estas cujos novos membros foram eleitos nesta semana. Tamb\u00e9m \u00e9 destaque o novo quadro da AERP (Associa\u00e7\u00e3o das Emissoras de Radiodifus\u00e3o do Paran\u00e1) e ACAERT (Acaert Associa\u00e7\u00e3o Catarinense de Emissoras de R\u00e1dio e Televis\u00e3o).<\/p>\n<p style=\"text-align: justify;\">No Rio de Janeiro, o empres\u00e1rio Jos\u00e9 Ant\u00f4nio do Nascimento Brito foi eleito presidente da AERJ. Eleito por chapa \u00fanica, em assembleia extraordin\u00e1ria, ele assumir\u00e1 o comando da associa\u00e7\u00e3o de 2020 a 2022. O atual presidente, Daruiz Paranhos, ficar\u00e1 \u00e0 frente da vice-presid\u00eancia de R\u00e1dio. Nascimento Brito j\u00e1 presidiu a Associa\u00e7\u00e3o Nacional de Jornais (ANJ) entre 1986 e 1988.<\/p>\n<p style=\"text-align: justify;\">Tamb\u00e9m nesta semana ocorreu assembleia geral que elegeu a nova diretoria da ACERT, no Cear\u00e1. Realizada na \u00faltima quarta-feira (8), foi eleita a vice-presidente Carmen L\u00facia Dummar Azulai, que retorna \u00e0 presid\u00eancia, onde j\u00e1 desempenhou dois mandatos. Encerrado o mandato de Paulo C\u00e9sar Nor\u00f5es, ela assume o bi\u00eanio 2020\/2021.<\/p>\n<p style=\"text-align: justify;\">A elei\u00e7\u00e3o de Carmen L\u00facia aconteceu por aclama\u00e7\u00e3o dos representantes de 76 emissoras de todas as regi\u00f5es do Estado do Cear\u00e1, um n\u00famero expressivo registrado no pleito do corrente ano.<\/p>\n<p style=\"text-align: justify;\">Associa\u00e7\u00f5es do Paran\u00e1 e Santa Catarina tamb\u00e9m conhecem novos representantes<\/p>\n<p style=\"text-align: justify;\">Eleito em 21 de outubro, o diretor-executivo da R\u00e1dio Banda B AM 550 de Curitiba, Michel Micheleto, tomar\u00e1 posse como presidente da AERP no pr\u00f3ximo dia 31. Ele assume o cargo para o bi\u00eanio 2020-2022.<\/p>\n<p style=\"text-align: justify;\">Micheleto substituir\u00e1 Alexandre Barros, diretor geral do Grupo Maring\u00e1 de Comunica\u00e7\u00e3o (GMC), que permaneceu no cargo por duas gest\u00f5es. Advogado formado pela Faculdade de Direito de Curitiba, o presidente eleito da AERP atua como administrador de empresas h\u00e1 29 anos.<\/p>\n<p style=\"text-align: justify;\">No Cear\u00e1, Silvano Silva foi definido novo presidente da ACAERT. Ele presidir\u00e1 a associa\u00e7\u00e3o no tri\u00eanio 2020\/2022. Silva substituir\u00e1 Marcello Corr\u00eaa Petrelli, que presidiu a associa\u00e7\u00e3o catarinense em duas ocasi\u00f5es. A posse \u00e9 prevista para ocorrer no m\u00eas de mar\u00e7o.<\/p>\n<p style=\"text-align: justify;\">\n<p style=\"text-align: justify;\">Fonte: Tudor\u00e1dio<\/p>\n","protected":false},"excerpt":{"rendered":"<p>O ano come\u00e7ou e diversas associa\u00e7\u00f5es estaduais j\u00e1 contam com&hellip;<\/p>\n<p> <a class=\"more-link\" href=\"https:\/\/sertsc.org.br\/site\/novas-diretorias-de-associacoes-de-radiodifusao-estaduais-sao-formadas-no-rio-de-janeiro-ceara-parana-e-santa-catarina\/\">Leia mais<\/a><\/p>\n","protected":false},"author":1,"featured_media":10730,"comment_status":"closed","ping_status":"open","sticky":false,"template":"","format":"standard","meta":{"footnotes":""},"categories":[3],"tags":[],"class_list":{"0":"post-11618","1":"post","2":"type-post","3":"status-publish","4":"format-standard","5":"has-post-thumbnail","7":"category-noticias"},"_links":{"self":[{"href":"https:\/\/sertsc.org.br\/site\/wp-json\/wp\/v2\/posts\/11618","targetHints":{"allow":["GET"]}}],"collection":[{"href":"https:\/\/sertsc.org.br\/site\/wp-json\/wp\/v2\/posts"}],"about":[{"href":"https:\/\/sertsc.org.br\/site\/wp-json\/wp\/v2\/types\/post"}],"author":[{"embeddable":true,"href":"https:\/\/sertsc.org.br\/site\/wp-json\/wp\/v2\/users\/1"}],"replies":[{"embeddable":true,"href":"https:\/\/sertsc.org.br\/site\/wp-json\/wp\/v2\/comments?post=11618"}],"version-history":[{"count":0,"href":"https:\/\/sertsc.org.br\/site\/wp-json\/wp\/v2\/posts\/11618\/revisions"}],"wp:featuredmedia":[{"embeddable":true,"href":"https:\/\/sertsc.org.br\/site\/wp-json\/"}],"wp:attachment":[{"href":"https:\/\/sertsc.org.br\/site\/wp-json\/wp\/v2\/media?parent=11618"}],"wp:term":[{"taxonomy":"category","embeddable":true,"href":"https:\/\/sertsc.org.br\/site\/wp-json\/wp\/v2\/categories?post=11618"},{"taxonomy":"post_tag","embeddable":true,"href":"https:\/\/sertsc.org.br\/site\/wp-json\/wp\/v2\/tags?post=11618"}],"curies":[{"name":"wp","href":"https:\/\/api.w.org\/{rel}","templated":true}]}}