{"id":11603,"date":"2020-01-09T11:06:09","date_gmt":"2020-01-09T14:06:09","guid":{"rendered":"http:\/\/www.sertsc.org.br\/site\/?p=11603"},"modified":"2020-01-09T11:06:09","modified_gmt":"2020-01-09T14:06:09","slug":"nos-70-anos-da-tv-no-brasil-igreja-reforca-sua-presenca","status":"publish","type":"post","link":"https:\/\/sertsc.org.br\/site\/nos-70-anos-da-tv-no-brasil-igreja-reforca-sua-presenca\/","title":{"rendered":"Nos 70 anos da TV no Brasil, Igreja refor\u00e7a sua presen\u00e7a"},"content":{"rendered":"<p style=\"text-align: justify;\"><b>Fernando Morgado &#8211; Rio de Janeiro<\/b><\/p>\n<p style=\"text-align: justify;\">Em 2020, a televis\u00e3o completa 70 anos de atividades no Brasil. A Igreja exerceu \u2013 e exerce \u2013 papel importante ao longo de todo esse tempo. Ali\u00e1s, os cat\u00f3licos come\u00e7aram a se destacar na tela antes mesmo dessa m\u00eddia ter sido lan\u00e7ada oficialmente no pa\u00eds, em setembro de 1950.<\/p>\n<p style=\"text-align: justify;\">Um frade foi a primeira atra\u00e7\u00e3o da TV brasileira. Jos\u00e9 Mojica, artista mexicano que trocou os est\u00fadios de Hollywood por um monast\u00e9rio no Peru, apresentou-se diante das c\u00e2meras da TV Tupi quando ela come\u00e7ou a operar ainda de forma experimental, em julho de 1950. Esse espet\u00e1culo pioneiro aconteceu no audit\u00f3rio do Museu de Arte de S\u00e3o Paulo, que, na \u00e9poca, funcionava na sede paulistana dos Di\u00e1rios Associados, grupo do qual a Tupi fazia parte. Trajando h\u00e1bito franciscano, frei Mojica pregou e cantou acompanhado de uma orquestra. O religioso, inclusive, fez quest\u00e3o de escrever o roteiro do programa, colaborando ativamente com o patrocinador, a ind\u00fastria de alimentos Peixe.<\/p>\n<p style=\"text-align: justify;\">A Igreja tamb\u00e9m se destacou no come\u00e7o de outro canal importante: a TV Rio. Ela foi inaugurada em julho de 1955, durante o XXXVI Congresso Eucar\u00edstico Internacional. O evento, que reuniu milhares de peregrinos na Cidade Maravilhosa, foi transmitido ao vivo pela nova emissora, que cedeu todos os seus equipamentos para a comiss\u00e3o organizadora do congresso.<\/p>\n<p style=\"text-align: justify;\">\u201cComo se nota, a evangeliza\u00e7\u00e3o pela TV n\u00e3o \u00e9 um fen\u00f4meno recente. Outro exemplo disso \u00e9 a &#8220;Santa Missa em seu lar&#8221;. No ar desde fevereiro de 1968, trata-se do programa mais antigo em exibi\u00e7\u00e3o na Globo e o terceiro mais longevo de toda a televis\u00e3o brasileira. Nem um inc\u00eandio devastador foi capaz de interromper essa trajet\u00f3ria. Na noite de 27 de outubro de 1971, uma sexta-feira, o fogo lambeu est\u00fadios e equipamentos do canal no Rio de Janeiro. Mesmo arriscando sua vida, um empregado da emissora enfrentou as labaredas e salvou a cruz que compunha o cen\u00e1rio da missa. Apesar das dificuldades, a Globo conseguiu promover sua celebra\u00e7\u00e3o dominical naquela semana, ainda que de forma improvisada, em sua portaria, diante de uma multid\u00e3o que se aglomerou na rua.\u201d<\/p>\n<p style=\"text-align: justify;\">Uma das marcas da &#8220;Santa Missa em seu lar&#8221; era a fala de Dom Eug\u00eanio Sales. Durante muitos dos mais de 50 anos de programa, o ent\u00e3o cardeal arcebispo do Rio de Janeiro aparecia no v\u00eddeo tratando de assuntos de interesse da Igreja e da sociedade em geral. Ao longo do tempo, a &#8220;Santa Missa em seu lar&#8221; ganhou algumas vers\u00f5es locais e, atualmente, \u00e9 celebrada em S\u00e3o Paulo pelo padre Marcelo Rossi.<\/p>\n<p style=\"text-align: justify;\">A primeira emissora de TV controlada por religiosos cat\u00f3licos foi a Difusora, de Porto Alegre. Ligada aos capuchinhos no Rio Grande do Sul, ela entrou no ar em 10 de outubro de 1969. A estreia contou com uma mensagem do papa S\u00e3o Paulo VI. Em termos hist\u00f3ricos, a maior contribui\u00e7\u00e3o da Difusora foi gerar as imagens da Festa da Uva de Caxias do Sul, em fevereiro de 1972. Esse evento marcou a pr\u00e9-estreia das cores na televis\u00e3o brasileira. Oferecendo uma programa\u00e7\u00e3o diferenciada para os padr\u00f5es da \u00e9poca, com menos telenovelas e mais programas locais e filmes, o canal dos capuchinhos chegou a ser l\u00edder de audi\u00eancia na capital ga\u00facha e a comandar emissoras em outros estados. Em 1980, a TV Difusora foi adquirida pela Bandeirantes.<\/p>\n<p style=\"text-align: justify;\">Hoje, no Brasil, existem v\u00e1rias redes cat\u00f3licas \u2013 Aparecida, Can\u00e7\u00e3o Nova, Evangelizar, Nazar\u00e9, Pai Eterno, Rede Vida, S\u00e9culo 21 \u2013, al\u00e9m de diversas esta\u00e7\u00f5es locais. Poucos pa\u00edses do mundo contam com tamanha presen\u00e7a da Igreja Cat\u00f3lica na televis\u00e3o. Isso se deve, em boa medida, \u00e0 for\u00e7a que essa m\u00eddia mant\u00e9m dentro da sociedade, mesmo diante do avan\u00e7o das novas tecnologias, e \u00e0 grande devo\u00e7\u00e3o dos brasileiros.<\/p>\n<p style=\"text-align: justify;\"><strong>Sobre Fernando Morgado<\/strong><\/p>\n<p style=\"text-align: justify;\">Fernando Morgado \u00e9 consultor, professor e escritor nas \u00e1reas de marketing, intelig\u00eancia de mercado e comunica\u00e7\u00e3o. Assessor de comunica\u00e7\u00e3o do SERT\/SC. Possui livros publicados no Brasil e no exterior, incluindo o best-seller \u201cSilvio Santos: a trajet\u00f3ria do mito\u201d (Matrix, 2017). Membro da Academy of Television Arts &amp; Sciences, entidade realizadora do Emmy, maior premia\u00e7\u00e3o da TV mundial. Mestre em Gest\u00e3o da Economia Criativa, especialista em Gest\u00e3o Empresarial e Marketing e graduado em Design com Habilita\u00e7\u00e3o em Comunica\u00e7\u00e3o Visual e \u00canfase em Marketing pela ESPM.<\/p>\n","protected":false},"excerpt":{"rendered":"<p>Fernando Morgado &#8211; Rio de Janeiro Em 2020, a televis\u00e3o&hellip;<\/p>\n<p> <a class=\"more-link\" href=\"https:\/\/sertsc.org.br\/site\/nos-70-anos-da-tv-no-brasil-igreja-reforca-sua-presenca\/\">Leia mais<\/a><\/p>\n","protected":false},"author":1,"featured_media":11270,"comment_status":"closed","ping_status":"open","sticky":false,"template":"","format":"standard","meta":{"footnotes":""},"categories":[36],"tags":[],"class_list":{"0":"post-11603","1":"post","2":"type-post","3":"status-publish","4":"format-standard","5":"has-post-thumbnail","7":"category-artigos"},"_links":{"self":[{"href":"https:\/\/sertsc.org.br\/site\/wp-json\/wp\/v2\/posts\/11603","targetHints":{"allow":["GET"]}}],"collection":[{"href":"https:\/\/sertsc.org.br\/site\/wp-json\/wp\/v2\/posts"}],"about":[{"href":"https:\/\/sertsc.org.br\/site\/wp-json\/wp\/v2\/types\/post"}],"author":[{"embeddable":true,"href":"https:\/\/sertsc.org.br\/site\/wp-json\/wp\/v2\/users\/1"}],"replies":[{"embeddable":true,"href":"https:\/\/sertsc.org.br\/site\/wp-json\/wp\/v2\/comments?post=11603"}],"version-history":[{"count":0,"href":"https:\/\/sertsc.org.br\/site\/wp-json\/wp\/v2\/posts\/11603\/revisions"}],"wp:featuredmedia":[{"embeddable":true,"href":"https:\/\/sertsc.org.br\/site\/wp-json\/"}],"wp:attachment":[{"href":"https:\/\/sertsc.org.br\/site\/wp-json\/wp\/v2\/media?parent=11603"}],"wp:term":[{"taxonomy":"category","embeddable":true,"href":"https:\/\/sertsc.org.br\/site\/wp-json\/wp\/v2\/categories?post=11603"},{"taxonomy":"post_tag","embeddable":true,"href":"https:\/\/sertsc.org.br\/site\/wp-json\/wp\/v2\/tags?post=11603"}],"curies":[{"name":"wp","href":"https:\/\/api.w.org\/{rel}","templated":true}]}}