{"id":11600,"date":"2020-01-09T09:45:45","date_gmt":"2020-01-09T12:45:45","guid":{"rendered":"http:\/\/www.sertsc.org.br\/site\/?p=11600"},"modified":"2020-01-09T09:45:45","modified_gmt":"2020-01-09T12:45:45","slug":"radio-tem-presenca-expressiva-no-brasil","status":"publish","type":"post","link":"https:\/\/sertsc.org.br\/site\/radio-tem-presenca-expressiva-no-brasil\/","title":{"rendered":"R\u00e1dio tem presen\u00e7a expressiva no Brasil"},"content":{"rendered":"<p style=\"text-align: justify;\">O r\u00e1dio \u00e9 o meio de comunica\u00e7\u00e3o mais presente na vida do brasileiro. O dado est\u00e1 no 3\u00b0 Atlas de Not\u00edcia, levantamento realizado pelo PROJOR em parceria com a Associa\u00e7\u00e3o Brasileira de Jornalismo Investigativo (Abraji), Intercom e 22 escolas de jornalismo. A migra\u00e7\u00e3o para o meio digital, o aumento dos chamados desertos de not\u00edcias, munic\u00edpios sem a presen\u00e7a registrada de ve\u00edculos jornal\u00edsticos, e o fechamento de ve\u00edculos impressos s\u00e3o considerados fatores que contribu\u00edram para o quadro.<\/p>\n<p style=\"text-align: justify;\">Foram mapeados 13.732 ve\u00edculos em todas as regi\u00f5es do pa\u00eds.<\/p>\n<p style=\"text-align: justify;\">O segmento mais expressivo \u00e9 o r\u00e1dio, que corresponde a 35,5% do total.<\/p>\n<p style=\"text-align: justify;\">\n<p style=\"text-align: justify;\">Fonte: ABERT<\/p>\n","protected":false},"excerpt":{"rendered":"<p>O r\u00e1dio \u00e9 o meio de comunica\u00e7\u00e3o mais presente na&hellip;<\/p>\n<p> <a class=\"more-link\" href=\"https:\/\/sertsc.org.br\/site\/radio-tem-presenca-expressiva-no-brasil\/\">Leia mais<\/a><\/p>\n","protected":false},"author":1,"featured_media":11601,"comment_status":"closed","ping_status":"open","sticky":false,"template":"","format":"standard","meta":{"footnotes":""},"categories":[3],"tags":[],"class_list":{"0":"post-11600","1":"post","2":"type-post","3":"status-publish","4":"format-standard","5":"has-post-thumbnail","7":"category-noticias"},"_links":{"self":[{"href":"https:\/\/sertsc.org.br\/site\/wp-json\/wp\/v2\/posts\/11600","targetHints":{"allow":["GET"]}}],"collection":[{"href":"https:\/\/sertsc.org.br\/site\/wp-json\/wp\/v2\/posts"}],"about":[{"href":"https:\/\/sertsc.org.br\/site\/wp-json\/wp\/v2\/types\/post"}],"author":[{"embeddable":true,"href":"https:\/\/sertsc.org.br\/site\/wp-json\/wp\/v2\/users\/1"}],"replies":[{"embeddable":true,"href":"https:\/\/sertsc.org.br\/site\/wp-json\/wp\/v2\/comments?post=11600"}],"version-history":[{"count":0,"href":"https:\/\/sertsc.org.br\/site\/wp-json\/wp\/v2\/posts\/11600\/revisions"}],"wp:featuredmedia":[{"embeddable":true,"href":"https:\/\/sertsc.org.br\/site\/wp-json\/"}],"wp:attachment":[{"href":"https:\/\/sertsc.org.br\/site\/wp-json\/wp\/v2\/media?parent=11600"}],"wp:term":[{"taxonomy":"category","embeddable":true,"href":"https:\/\/sertsc.org.br\/site\/wp-json\/wp\/v2\/categories?post=11600"},{"taxonomy":"post_tag","embeddable":true,"href":"https:\/\/sertsc.org.br\/site\/wp-json\/wp\/v2\/tags?post=11600"}],"curies":[{"name":"wp","href":"https:\/\/api.w.org\/{rel}","templated":true}]}}