{"id":11590,"date":"2020-01-08T12:22:16","date_gmt":"2020-01-08T15:22:16","guid":{"rendered":"http:\/\/www.sertsc.org.br\/site\/?p=11590"},"modified":"2020-01-08T12:22:16","modified_gmt":"2020-01-08T15:22:16","slug":"levantamento-ano-comeca-com-mais-de-660-migrantes-am-fm-mapeadas-pelo-guia-dials-fmam-do-tudoradio-com","status":"publish","type":"post","link":"https:\/\/sertsc.org.br\/site\/levantamento-ano-comeca-com-mais-de-660-migrantes-am-fm-mapeadas-pelo-guia-dials-fmam-do-tudoradio-com\/","title":{"rendered":"Levantamento: Ano come\u00e7a com mais de 660 migrantes AM-FM mapeadas pelo guia Dials FM\/AM do tudoradio.com"},"content":{"rendered":"<p style=\"text-align: justify;\">O processo de migra\u00e7\u00e3o AM-FM tem andado onde h\u00e1 espa\u00e7o na chamada faixa convencional do FM, sendo aquela que vai de 88.1 FM para 107.9 FM. V\u00e1rias capitais de diferentes regi\u00f5es do pa\u00eds, al\u00e9m de centros regionais do interior e munic\u00edpios menores, acompanharam a ida de parte de suas AMs para o dial FM. O ano de 2020 come\u00e7a com 661 migrantes AM-FM que possuem sua \u00e1rea de cobertura em FM mapeada e registrada pelo guia\u00a0<a href=\"https:\/\/tudoradio.com\/dials\"><strong>Dials AM\/FM do tudoradio.com<\/strong><\/a>\u00a0e tamb\u00e9m pelo\u00a0<a href=\"https:\/\/tudoradio.com\/conteudo\/ver\/44-mapa-da-atualizacao-do-tudoradiocom\"><strong>Mapa da Atualiza\u00e7\u00e3o do tudoradio.com<\/strong><\/a>.<\/p>\n<p style=\"text-align: justify;\">A primeira migrante AM-FM a ser registrada pelo sistema do\u00a0tudoradio.com\u00a0foi a R\u00e1dio Canoa Grande FM 90.7 de Igara\u00e7u do Tiet\u00ea. A emissora operava em 1340 AM e est\u00e1 localizada no interior de S\u00e3o Paulo, pr\u00f3ximo a tur\u00edstica Barra Bonita. Trata-se de uma esta\u00e7\u00e3o de classe C de opera\u00e7\u00e3o.<\/p>\n<p style=\"text-align: justify;\">S\u00e3o Paulo conta com 78 emissoras mapeadas pelo guia\u00a0<a href=\"https:\/\/tudoradio.com\/dials\"><strong>Dials AM\/FM do tudoradio.com<\/strong><\/a>\u00a0dentro do processo de migra\u00e7\u00e3o AM-FM. Em dezembro passado o estado passou a contar com a Novo Tempo FM 101.3 de Ca\u00e7apava, sendo mais uma migrante AM-FM no Vale do Para\u00edba. E antes, em novembro, emissoras em Indaiatuba, Araraquara, Mirand\u00f3polis e Pirassununga ampliaram a contagem.<\/p>\n<p style=\"text-align: justify;\">Minas Gerais tamb\u00e9m conta com um n\u00famero de destaque no processo de migra\u00e7\u00e3o AM-FM na faixa convencional, com 76. O estado teve migrantes recentes em pra\u00e7as como Itajub\u00e1 e Juiz de Fora (este \u00e9 o segundo munic\u00edpio em popula\u00e7\u00e3o no interior mineiro e ainda n\u00e3o tinha uma r\u00e1dio originada do AM ocupando uma faixa em FM).<\/p>\n<p style=\"text-align: justify;\">O Paran\u00e1 segue como o estado com mais migrantes AM-FM ativas e relacionadas pelo levantamento do\u00a0tudoradio.com, com 83 emissoras mapeadas pelo guia\u00a0<a href=\"https:\/\/tudoradio.com\/dials\"><strong>Dials AM\/FM do tudoradio.com<\/strong><\/a>. Rio Grande do Sul tem 56 e Santa Catarina registra 51 migrantes mapeadas pelo sistema do portal.<\/p>\n<p style=\"text-align: justify;\">O estado que inaugurou o processo em 2016, o Cear\u00e1, conta com 36 emissoras mapeadas pelo guia. E h\u00e1 uma curiosidade: no final de dezembro a R\u00e1dio Progresso de Juazeiro do Norte, primeira esta\u00e7\u00e3o originada no AM a iniciar suas atividades no FM atrav\u00e9s da migra\u00e7\u00e3o, teve seu canal alterado de 97.9 FM para 105.1 FM devido a uma promo\u00e7\u00e3o de classe de opera\u00e7\u00e3o.<\/p>\n<p style=\"text-align: justify;\"><strong>2020 deve ser movimentado<\/strong><\/p>\n<p style=\"text-align: justify;\">A expectativa do setor \u00e9 de que 2020 seja o ano que os mercados mais populosos do pa\u00eds entrem de forma efetiva no processo de migra\u00e7\u00e3o do AM para o FM. Para isso \u00e9 necess\u00e1rio que a faixa estendida do FM (FMe, 76.1 FM e 87.3 FM) seja liberada para acomodar as migrantes desses locais. A &#8220;banda extra&#8221;\u00a0\u00e9 necess\u00e1ria devido a grande ocupa\u00e7\u00e3o no FM convencional em mercados como S\u00e3o Paulo, Rio de Janeiro, Belo Horizonte, Salvador, Porto Alegre, Curitiba, Bras\u00edlia, entre outros.<\/p>\n<p style=\"text-align: justify;\">O processo de migra\u00e7\u00e3o AM-FM em faixa estendida \u00e9 aguardado desde 2013 pelas emissoras AMs solicitantes. Em algumas regi\u00f5es, onde era previsto o uso do FM estendido, ap\u00f3s uma s\u00e9rie de acordos e uso do segundo adjacente, foi poss\u00edvel acomodar as migrantes na faixa convencional. Por\u00e9m os maiores centros seguem de fora.<\/p>\n<p style=\"text-align: justify;\">Enquanto aguardam a canaliza\u00e7\u00e3o, o mercado viu a evolu\u00e7\u00e3o da disponibilidade de receptores com o FM estendido dispon\u00edvel, este que foi inicialmente impulsionado por celulares com FM e r\u00e1dios em autom\u00f3veis. Em setembro de 2017,\u00a0<a href=\"https:\/\/tudoradio.com\/noticias\/ver\/18257-migracao-am-fm-governo-assina-portaria-que-obriga-a-producao-de-radios-com-fm-estendido\"><strong>foi aprovada uma portaria que obriga a produ\u00e7\u00e3o de receptores com FM estendido no Brasil<\/strong><\/a>.<\/p>\n<p style=\"text-align: justify;\"><strong>O levantamento<\/strong><\/p>\n<p style=\"text-align: justify;\">O n\u00famero \u00e9 relacionado ao levantamento feito pelo\u00a0tudoradio.com\u00a0nos dials AM\/FM no portal, ou seja, s\u00e3o 661 migrantes AM-FM que tem a sua cobertura em FM j\u00e1 mapeada pela equipe do portal (at\u00e9 o fechamento desta mat\u00e9ria).<\/p>\n<p style=\"text-align: justify;\">O levantamento completo (inclusive o n\u00famero de migrantes por estado)\u00a0<a href=\"https:\/\/tudoradio.com\/conteudo\/ver\/45-o-radio-migracao-das-ams-levantamento-no-fm\"><strong>pode ser acompanhado aqui<\/strong><\/a>. A atualiza\u00e7\u00e3o \u00e9 di\u00e1ria.<\/p>\n<p style=\"text-align: justify;\">\n<p style=\"text-align: justify;\">Fonte: Tudor\u00e1dio<\/p>\n","protected":false},"excerpt":{"rendered":"<p>O processo de migra\u00e7\u00e3o AM-FM tem andado onde h\u00e1 espa\u00e7o&hellip;<\/p>\n<p> <a class=\"more-link\" href=\"https:\/\/sertsc.org.br\/site\/levantamento-ano-comeca-com-mais-de-660-migrantes-am-fm-mapeadas-pelo-guia-dials-fmam-do-tudoradio-com\/\">Leia mais<\/a><\/p>\n","protected":false},"author":1,"featured_media":11591,"comment_status":"closed","ping_status":"open","sticky":false,"template":"","format":"standard","meta":{"footnotes":""},"categories":[3],"tags":[],"class_list":{"0":"post-11590","1":"post","2":"type-post","3":"status-publish","4":"format-standard","5":"has-post-thumbnail","7":"category-noticias"},"_links":{"self":[{"href":"https:\/\/sertsc.org.br\/site\/wp-json\/wp\/v2\/posts\/11590","targetHints":{"allow":["GET"]}}],"collection":[{"href":"https:\/\/sertsc.org.br\/site\/wp-json\/wp\/v2\/posts"}],"about":[{"href":"https:\/\/sertsc.org.br\/site\/wp-json\/wp\/v2\/types\/post"}],"author":[{"embeddable":true,"href":"https:\/\/sertsc.org.br\/site\/wp-json\/wp\/v2\/users\/1"}],"replies":[{"embeddable":true,"href":"https:\/\/sertsc.org.br\/site\/wp-json\/wp\/v2\/comments?post=11590"}],"version-history":[{"count":0,"href":"https:\/\/sertsc.org.br\/site\/wp-json\/wp\/v2\/posts\/11590\/revisions"}],"wp:featuredmedia":[{"embeddable":true,"href":"https:\/\/sertsc.org.br\/site\/wp-json\/"}],"wp:attachment":[{"href":"https:\/\/sertsc.org.br\/site\/wp-json\/wp\/v2\/media?parent=11590"}],"wp:term":[{"taxonomy":"category","embeddable":true,"href":"https:\/\/sertsc.org.br\/site\/wp-json\/wp\/v2\/categories?post=11590"},{"taxonomy":"post_tag","embeddable":true,"href":"https:\/\/sertsc.org.br\/site\/wp-json\/wp\/v2\/tags?post=11590"}],"curies":[{"name":"wp","href":"https:\/\/api.w.org\/{rel}","templated":true}]}}