{"id":11586,"date":"2020-01-08T12:17:11","date_gmt":"2020-01-08T15:17:11","guid":{"rendered":"http:\/\/www.sertsc.org.br\/site\/?p=11586"},"modified":"2020-01-08T12:17:11","modified_gmt":"2020-01-08T15:17:11","slug":"nab-show-sera-mais-curta-em-2020-e-tera-o-streaming-como-um-dos-principais-pontos-de-discussao","status":"publish","type":"post","link":"https:\/\/sertsc.org.br\/site\/nab-show-sera-mais-curta-em-2020-e-tera-o-streaming-como-um-dos-principais-pontos-de-discussao\/","title":{"rendered":"NAB Show ser\u00e1 mais curta em 2020 e ter\u00e1 o streaming como um dos principais pontos de discuss\u00e3o"},"content":{"rendered":"<p style=\"text-align: justify;\">Um dos principais eventos de comunica\u00e7\u00e3o e tecnologia do mundo j\u00e1 come\u00e7a a mobilizar profissionais de v\u00e1rios pa\u00edses, inclusive do Brasil. O NAB Show 2020 ter\u00e1 uma dura\u00e7\u00e3o diferente em rela\u00e7\u00e3o aos anos anteriores, mas seguir\u00e1 do mesmo tamanho na feira e com o mesmo volume de programa\u00e7\u00e3o no congresso. E o streaming, seja ele de \u00e1udio ou de v\u00eddeo, ser\u00e1 um dos principais temas a ser tratado pelos congressistas em Las Vegas, cidade dos Estados Unidos que receber\u00e1 novamente o NAB Show em abril.<\/p>\n<p style=\"text-align: justify;\">Em algumas de suas chamadas para o NAB Show para este ano, os organizadores tratam o streaming como &#8220;mais do que uma tend\u00eancia&#8221;, sendo &#8220;uma revolu\u00e7\u00e3o na maneira como o conte\u00fado \u00e9 consumido&#8221;, considerando tamb\u00e9m que &#8220;avan\u00e7ar na pr\u00f3xima itera\u00e7\u00e3o ser\u00e1 o que separa as autoridades dos amadores&#8221;.<\/p>\n<p style=\"text-align: justify;\">&#8220;O NAB Show \u00e9 o evento definitivo para profissionais de m\u00eddia, entretenimento e tecnologia que buscam clareza cont\u00ednua em torno das solu\u00e7\u00f5es em evolu\u00e7\u00e3o no streaming para obter essa vantagem indescrit\u00edvel. Cercado por seus colegas profissionais &#8211; outros praticantes, sonhadores e disruptores de todos os cantos do setor &#8211; descubra as inova\u00e7\u00f5es certas para elevar a maneira como voc\u00ea cria, ger\u00eancia, entrega e monetizar o conte\u00fado em qualquer plataforma&#8221;, convida a NAB.<\/p>\n<p style=\"text-align: justify;\">De fato o streaming est\u00e1 no centro das discuss\u00f5es. H\u00e1 uma guerra entre os players de v\u00eddeo em todo o mundo, seja pelo conte\u00fado disponibilizado, como tamb\u00e9m na competi\u00e7\u00e3o por assinantes e dispositivos conectados. E para o \u00e1udio, h\u00e1 o desafio de monetiza\u00e7\u00e3o desse conte\u00fado (ao vivo e on demand &#8211; gravado ou formatos podcasts), distribui\u00e7\u00e3o e de maior complemento da audi\u00eancia do offline.<\/p>\n<p style=\"text-align: justify;\">O\u00a0tudoradio.com\u00a0ir\u00e1 acompanhar a parte do NAB Show 2020 que interessa ao r\u00e1dio, al\u00e9m de assuntos em paralelo que impactam ou interessa de alguma maneira ao setor, como carros aut\u00f4nomos (atualiza\u00e7\u00f5es sobre esse assunto), implementa\u00e7\u00e3o do 5G, intelig\u00eancia artificial, entre outros temas. O portal tamb\u00e9m realizar\u00e1 visitas t\u00e9cnicas em parceria com a AESP \u00e0 emissoras de r\u00e1dio nos Estados Unidos.<\/p>\n<p style=\"text-align: justify;\">O NAB Show 2020 ser\u00e1 realizado em Las Vegas, de 18 a 22 de abril.<\/p>\n<p style=\"text-align: justify;\">\n<p style=\"text-align: justify;\">Fonte: Tudor\u00e1dio<\/p>\n","protected":false},"excerpt":{"rendered":"<p>Um dos principais eventos de comunica\u00e7\u00e3o e tecnologia do mundo&hellip;<\/p>\n<p> <a class=\"more-link\" href=\"https:\/\/sertsc.org.br\/site\/nab-show-sera-mais-curta-em-2020-e-tera-o-streaming-como-um-dos-principais-pontos-de-discussao\/\">Leia mais<\/a><\/p>\n","protected":false},"author":1,"featured_media":11587,"comment_status":"closed","ping_status":"open","sticky":false,"template":"","format":"standard","meta":{"footnotes":""},"categories":[3],"tags":[],"class_list":{"0":"post-11586","1":"post","2":"type-post","3":"status-publish","4":"format-standard","5":"has-post-thumbnail","7":"category-noticias"},"_links":{"self":[{"href":"https:\/\/sertsc.org.br\/site\/wp-json\/wp\/v2\/posts\/11586","targetHints":{"allow":["GET"]}}],"collection":[{"href":"https:\/\/sertsc.org.br\/site\/wp-json\/wp\/v2\/posts"}],"about":[{"href":"https:\/\/sertsc.org.br\/site\/wp-json\/wp\/v2\/types\/post"}],"author":[{"embeddable":true,"href":"https:\/\/sertsc.org.br\/site\/wp-json\/wp\/v2\/users\/1"}],"replies":[{"embeddable":true,"href":"https:\/\/sertsc.org.br\/site\/wp-json\/wp\/v2\/comments?post=11586"}],"version-history":[{"count":0,"href":"https:\/\/sertsc.org.br\/site\/wp-json\/wp\/v2\/posts\/11586\/revisions"}],"wp:featuredmedia":[{"embeddable":true,"href":"https:\/\/sertsc.org.br\/site\/wp-json\/"}],"wp:attachment":[{"href":"https:\/\/sertsc.org.br\/site\/wp-json\/wp\/v2\/media?parent=11586"}],"wp:term":[{"taxonomy":"category","embeddable":true,"href":"https:\/\/sertsc.org.br\/site\/wp-json\/wp\/v2\/categories?post=11586"},{"taxonomy":"post_tag","embeddable":true,"href":"https:\/\/sertsc.org.br\/site\/wp-json\/wp\/v2\/tags?post=11586"}],"curies":[{"name":"wp","href":"https:\/\/api.w.org\/{rel}","templated":true}]}}