{"id":11564,"date":"2019-12-19T17:29:45","date_gmt":"2019-12-19T20:29:45","guid":{"rendered":"http:\/\/www.sertsc.org.br\/site\/?p=11564"},"modified":"2019-12-19T17:29:45","modified_gmt":"2019-12-19T20:29:45","slug":"cctci-aprova-pl-que-permite-comercializacao-total-da-programacao-de-emissoras","status":"publish","type":"post","link":"https:\/\/sertsc.org.br\/site\/cctci-aprova-pl-que-permite-comercializacao-total-da-programacao-de-emissoras\/","title":{"rendered":"CCTCI aprova PL que permite comercializa\u00e7\u00e3o total da programa\u00e7\u00e3o de emissoras"},"content":{"rendered":"<p style=\"text-align: justify;\">Foi aprovado na Comiss\u00e3o de Ci\u00eancia e Tecnologia, Comunica\u00e7\u00e3o e Inform\u00e1tica (CCTCI) da C\u00e2mara dos Deputados o Projeto de Lei\u00a0<a href=\"https:\/\/www.camara.leg.br\/noticias\/625860-projeto-permite-que-emissora-de-tv-negocie-tempo-de-programacao-com-produtora-independente\">5479\/19<\/a>, do deputado Alex Santana (PDT-BA), que permite \u00e0s emissoras de r\u00e1dio e televis\u00e3o transferir, comercializar ou ceder o tempo total de programa\u00e7\u00e3o para a veicula\u00e7\u00e3o de produ\u00e7\u00e3o independente. O texto n\u00e3o define, por\u00e9m, o que seria produ\u00e7\u00e3o independente. O projeto de lei tramita em car\u00e1ter conclusivo nas comiss\u00f5es, e agora seguir\u00e1 para a CCJC.<\/p>\n<p style=\"text-align: justify;\">Pela proposta de Santana, as emissoras dever\u00e3o observar apenas as regras de limita\u00e7\u00e3o de publicidade comercial e de qualidade do conte\u00fado. Por essas regras, a programa\u00e7\u00e3o deve obedecer a finalidades educativas e culturais, e a publicidade s\u00f3 pode ocupar 25% do tempo total da programa\u00e7\u00e3o da emissora.<\/p>\n<p style=\"text-align: justify;\">O projeto inova, por\u00e9m, na defini\u00e7\u00e3o de publicidade para cumprimento dessa regra. Pelo texto, a publicidade comercial restringe-se \u00e0 publicidade de produtos e servi\u00e7os para os consumidores e \u00e0 promo\u00e7\u00e3o de imagem e marca de empresas. Assim, ser\u00e3o exclu\u00eddas da regra, por exemplo, as propagandas institucionais, a publicidade oficial e a venda de espa\u00e7os para programa\u00e7\u00e3o religiosa.<\/p>\n<p style=\"text-align: justify;\">O texto aprovado na CCTCI estabelece ainda que as emissoras ser\u00e3o responsabilizadas por eventuais irregularidades na programa\u00e7\u00e3o. E veda \u00e0s concession\u00e1rias e permission\u00e1rias transferir, comercializar e ceder a gest\u00e3o total ou parcial da execu\u00e7\u00e3o do servi\u00e7o de radiodifus\u00e3o.<\/p>\n<p style=\"text-align: justify;\">O parecer do relator, deputado Cezinha de Madureira (PSD-SP), foi favor\u00e1vel \u00e0 proposta. &#8220;A possibilidade de comercializa\u00e7\u00e3o de tempo da programa\u00e7\u00e3o do ve\u00edculo de comunica\u00e7\u00e3o para produtoras que n\u00e3o fa\u00e7am parte da pr\u00f3pria emissora, conhecidas como produ\u00e7\u00e3o independente, ainda n\u00e3o possui regramento legal, portanto \u00e9 leg\u00edtima a inten\u00e7\u00e3o de regulamentar esse tema de forma a dar seguran\u00e7a jur\u00eddica \u00e0s empresas&#8221;, avaliou.<\/p>\n<p style=\"text-align: justify;\">O texto altera o\u00a0<a href=\"https:\/\/telaviva.com.br\/13\/12\/2019\/cctci-aprova-pl-que-permite-comercializacao-total-da-programacao-de-emissoras\/um%20levantamento%20realizado%20pelo%20%C3%B3rg%C3%A3o,%20as%20emissoras%20violam%20a%20legisla%C3%A7%C3%A3o,%20que%20limita%20em%20at%C3%A9%2025%25%20a%20comercializa%C3%A7%C3%A3o%20do%20tempo%20total%20de%20programa%C3%A7%C3%A3o,%20com%20a%20venda%20de%20hor%C3%A1rio%20de%20programa%C3%A7%C3%A3o%20para%20canais%20religiosos.%20Para%20o%20MPF,%20tal%20pr%C3%A1tica%20%C3%A9%20caracterizada%20como%20publicidade%20e%20por%20isso,%20as%20emissoras%20burlam%20a%20lei%20ultrapassando%20al%C3%A9m%20do%20limite%20estabelecido.\">C\u00f3digo Brasileiro de Telecomunica\u00e7\u00f5es (Lei 4.117\/1962)<\/a>. Hoje muitas emissoras j\u00e1 comercializam o tempo de programa\u00e7\u00e3o, seja com produtoras de conte\u00fado, seja com igrejas, por exemplo \u2013 pr\u00e1tica que vem sendo questionada na Justi\u00e7a. Recentemente, o Minist\u00e9rio P\u00fablico Federal fez\u00a0<a href=\"https:\/\/telaviva.com.br\/09\/12\/2019\/mpf-diz-que-emissoras-infringem-a-lei-ao-vender-espaco-para-programacao-religiosa\/\">um levantamento que mostrava que as emissoras violam a legisla\u00e7\u00e3o<\/a>, que limita em at\u00e9 25% a comercializa\u00e7\u00e3o do tempo total de programa\u00e7\u00e3o, com a venda de hor\u00e1rio de programa\u00e7\u00e3o para canais religiosos. Para o MPF, tal pr\u00e1tica \u00e9 caracterizada como publicidade, e n\u00e3o como conte\u00fado independente, e por isso, as emissoras burlam a lei ultrapassando al\u00e9m do limite estabelecido.<\/p>\n<p style=\"text-align: justify;\">\n<p style=\"text-align: justify;\">Fonte: Telaviva<\/p>\n","protected":false},"excerpt":{"rendered":"<p>Foi aprovado na Comiss\u00e3o de Ci\u00eancia e Tecnologia, Comunica\u00e7\u00e3o e&hellip;<\/p>\n<p> <a class=\"more-link\" href=\"https:\/\/sertsc.org.br\/site\/cctci-aprova-pl-que-permite-comercializacao-total-da-programacao-de-emissoras\/\">Leia mais<\/a><\/p>\n","protected":false},"author":1,"featured_media":11565,"comment_status":"closed","ping_status":"open","sticky":false,"template":"","format":"standard","meta":{"footnotes":""},"categories":[3],"tags":[],"class_list":{"0":"post-11564","1":"post","2":"type-post","3":"status-publish","4":"format-standard","5":"has-post-thumbnail","7":"category-noticias"},"_links":{"self":[{"href":"https:\/\/sertsc.org.br\/site\/wp-json\/wp\/v2\/posts\/11564","targetHints":{"allow":["GET"]}}],"collection":[{"href":"https:\/\/sertsc.org.br\/site\/wp-json\/wp\/v2\/posts"}],"about":[{"href":"https:\/\/sertsc.org.br\/site\/wp-json\/wp\/v2\/types\/post"}],"author":[{"embeddable":true,"href":"https:\/\/sertsc.org.br\/site\/wp-json\/wp\/v2\/users\/1"}],"replies":[{"embeddable":true,"href":"https:\/\/sertsc.org.br\/site\/wp-json\/wp\/v2\/comments?post=11564"}],"version-history":[{"count":0,"href":"https:\/\/sertsc.org.br\/site\/wp-json\/wp\/v2\/posts\/11564\/revisions"}],"wp:featuredmedia":[{"embeddable":true,"href":"https:\/\/sertsc.org.br\/site\/wp-json\/"}],"wp:attachment":[{"href":"https:\/\/sertsc.org.br\/site\/wp-json\/wp\/v2\/media?parent=11564"}],"wp:term":[{"taxonomy":"category","embeddable":true,"href":"https:\/\/sertsc.org.br\/site\/wp-json\/wp\/v2\/categories?post=11564"},{"taxonomy":"post_tag","embeddable":true,"href":"https:\/\/sertsc.org.br\/site\/wp-json\/wp\/v2\/tags?post=11564"}],"curies":[{"name":"wp","href":"https:\/\/api.w.org\/{rel}","templated":true}]}}