{"id":11476,"date":"2019-12-03T14:20:43","date_gmt":"2019-12-03T17:20:43","guid":{"rendered":"http:\/\/www.sertsc.org.br\/site\/?p=11476"},"modified":"2019-12-03T14:20:43","modified_gmt":"2019-12-03T17:20:43","slug":"grupo-ric-agora-e-grupo-nd-confira-os-detalhes-dessa-mudanca","status":"publish","type":"post","link":"https:\/\/sertsc.org.br\/site\/grupo-ric-agora-e-grupo-nd-confira-os-detalhes-dessa-mudanca\/","title":{"rendered":"Grupo RIC agora \u00e9 Grupo ND; confira os detalhes dessa mudan\u00e7a"},"content":{"rendered":"<figure style=\"width: 800px\" class=\"wp-caption aligncenter\"><img fetchpriority=\"high\" decoding=\"async\" class=\"wp-image-11482 size-full\" src=\"http:\/\/www.sertsc.org.br\/site\/wp-content\/uploads\/2019\/12\/WhatsApp-Image-2019-12-02-at-20.52.57-800x533-1.jpeg\" alt=\"WhatsApp-Image-2019-12-02-at-20.52.57-800x533\" width=\"800\" height=\"533\" \/><figcaption class=\"wp-caption-text\">Presidente executivo do grupo em Santa Catarina, Marcello Corr\u00eaa Petrelli, apresenta a nova identidade da empresa de comunica\u00e7\u00e3o \u2013 Foto: Anderson Coelho\/ND<\/figcaption><\/figure>\n<p>&nbsp;<\/p>\n<p style=\"text-align: justify;\">A partir desta ter\u00e7a-feira (3) o Grupo RIC inicia a maior transforma\u00e7\u00e3o da sua hist\u00f3ria de 32 anos como ve\u00edculo de m\u00eddia regional. Em Santa Catarina sai de cena o Grupo RIC e surge o Grupo ND, com nova identidade, nova logomarca, novas cores e um conceito inovador de comunica\u00e7\u00e3o.<\/p>\n<p style=\"text-align: justify;\">A RICTV, que conta com seis emissoras de televis\u00e3o, passa a se chamar NDTV \u2013Noite e Dia com voc\u00ea. No Paran\u00e1, Grupo RIC manter\u00e1 o mesmo nome com a sua programa\u00e7\u00e3o consagrada e avan\u00e7ando para oferecer novos produtos ao seu p\u00fablico.<\/p>\n<figure id=\"attachment_11483\" aria-describedby=\"caption-attachment-11483\" style=\"width: 800px\" class=\"wp-caption aligncenter\"><img decoding=\"async\" class=\"wp-image-11483 size-full\" src=\"http:\/\/www.sertsc.org.br\/site\/wp-content\/uploads\/2019\/12\/logo-05-800x609.png\" alt=\"logo-05-800x609\" width=\"800\" height=\"609\" \/><figcaption id=\"caption-attachment-11483\" class=\"wp-caption-text\">Grupo RIC agora \u00e9 Grupo ND \u2013 Foto: Divulga\u00e7\u00e3o\/ND<\/figcaption><\/figure>\n<p style=\"text-align: justify;\">Todas as novidades do Grupo ND est\u00e3o sendo apresentadas em evento nesta segunda-feira (2), \u00e0 noite, na sede da Federa\u00e7\u00e3o das Ind\u00fastrias do Estado de Santa Catarina (FIESC) para cerca de 300 convidados, entre autoridades, lideran\u00e7as empresariais e pol\u00edticas, ag\u00eancias de propaganda e clientes.<\/p>\n<p style=\"text-align: justify;\">A nova identidade visual do Grupo ND e as mudan\u00e7as nas v\u00e1rias plataformas s\u00e3o exibidas em um tel\u00e3o para o p\u00fablico. O jornalista Eduardo Ribeiro, da Rede Record, e a atriz Beth Goulart conduzem a apresenta\u00e7\u00e3o.<\/p>\n<figure id=\"attachment_11480\" aria-describedby=\"caption-attachment-11480\" style=\"width: 800px\" class=\"wp-caption aligncenter\"><img decoding=\"async\" class=\"wp-image-11480 size-full\" src=\"http:\/\/www.sertsc.org.br\/site\/wp-content\/uploads\/2019\/12\/WhatsApp-Image-2019-12-02-at-20.29.03-1-800x533.jpeg\" alt=\"WhatsApp-Image-2019-12-02-at-20.29.03-1-800x533\" width=\"800\" height=\"533\" \/><figcaption id=\"caption-attachment-11480\" class=\"wp-caption-text\">Autoridades, lideran\u00e7as empresariais e pol\u00edticas, profissionais de ag\u00eancias de propaganda e clientes acompanham o an\u00fancio, na Fiesc \u2013 Foto: Anderson Coelho\/ND<\/figcaption><\/figure>\n<p style=\"text-align: justify;\"><strong><br \/>\nMais pr\u00f3ximo do p\u00fablico<\/strong><\/p>\n<p style=\"text-align: justify;\">O presidente executivo do grupo em Santa Catarina, Marcello Corr\u00eaa Petrelli, destaca a transforma\u00e7\u00e3o da empresa e seu prop\u00f3sito para melhor atender os catarinenses e paranaenses. A decis\u00e3o de transformar a RIC foi amadurecida nos \u00faltimos anos, pelas mudan\u00e7as tecnol\u00f3gicas no\u00a0 mercado de comunica\u00e7\u00e3o, cada vez mais din\u00e2mico e desafiador.<\/p>\n<p style=\"text-align: justify;\">\u201c\u00c9 uma mudan\u00e7a para crescer, ganhando efici\u00eancia e ampliando a qualidade dos nossos servi\u00e7os. Vamos ficar ainda mais pr\u00f3ximos do nosso p\u00fablico e de suas carater\u00edsticas regionais\u201d, explica Marcello Petrelli.<\/p>\n<p style=\"text-align: justify;\">A partir de agora a gest\u00e3o das empresas de Santa Catarina e Paran\u00e1, antes integradas sob a mesma marca e identidade, ser\u00e3o independentes. Isso permitir\u00e1 que cada Estado possa dar total aten\u00e7\u00e3o e foco ao seu mercado, respeitando suas caracter\u00edsticas e linguagem pr\u00f3pria.<\/p>\n<p style=\"text-align: justify;\">A mudan\u00e7a n\u00e3o muda a ess\u00eancia da RIC, que se mant\u00e9m como empresa familiar voltada para o jornalismo regional.<\/p>\n<p style=\"text-align: justify;\">O presidente executivo do grupo em Santa Catarina, Marcello Corr\u00eaa Petrelli, destaca a transforma\u00e7\u00e3o da empresa e seu prop\u00f3sito para melhor atender os catarinenses e paranaenses. A decis\u00e3o de transformar a RIC foi amadurecida nos \u00faltimos anos, pelas mudan\u00e7as tecnol\u00f3gicas no\u00a0 mercado de comunica\u00e7\u00e3o, cada vez mais din\u00e2mico e desafiador.<\/p>\n<p style=\"text-align: justify;\">\u201c\u00c9 uma mudan\u00e7a para crescer, ganhando efici\u00eancia e ampliando a qualidade dos nossos servi\u00e7os. Vamos ficar ainda mais pr\u00f3ximos do nosso p\u00fablico e de suas carater\u00edsticas regionais\u201d, explica Marcello Petrelli.<\/p>\n<p style=\"text-align: justify;\">A partir de agora a gest\u00e3o das empresas de Santa Catarina e Paran\u00e1, antes integradas sob a mesma marca e identidade, ser\u00e3o independentes. Isso permitir\u00e1 que cada Estado possa dar total aten\u00e7\u00e3o e foco ao seu mercado, respeitando suas caracter\u00edsticas e linguagem pr\u00f3pria.<\/p>\n<p style=\"text-align: justify;\">A mudan\u00e7a n\u00e3o muda a ess\u00eancia da RIC, que se mant\u00e9m como empresa familiar voltada para o jornalismo regional.<\/p>\n<p>&nbsp;<\/p>\n<figure id=\"attachment_11481\" aria-describedby=\"caption-attachment-11481\" style=\"width: 800px\" class=\"wp-caption aligncenter\"><img loading=\"lazy\" decoding=\"async\" class=\"wp-image-11481 size-full\" src=\"http:\/\/www.sertsc.org.br\/site\/wp-content\/uploads\/2019\/12\/WhatsApp-Image-2019-12-02-at-20.29.03-800x533.jpeg\" alt=\"WhatsApp-Image-2019-12-02-at-20.29.03-800x533\" width=\"800\" height=\"533\" \/><figcaption id=\"caption-attachment-11481\" class=\"wp-caption-text\">O jornalista Eduardo Ribeiro, da Rede Record, e a atriz Beth Goulart, conduziram o evento \u2013 Foto: Anderson Coelho\/ND<\/figcaption><\/figure>\n<p style=\"text-align: justify;\"><strong><br \/>\nNDTV, jornal ND e ND+<\/strong><\/p>\n<p style=\"text-align: justify;\">O Grupo RIC continuar\u00e1 atuante no mercado paranaense em todas as suas plataformas: RICTV Record, revista TopView, portal RIC Mais, Instituto RIC de Atitude Social, Dance Paradise e r\u00e1dios Jovem Pan. A empresa sofrer\u00e1 mudan\u00e7as na sua estrutura organizacional e investir\u00e1 em novos produtos ao longo de 2020.<\/p>\n<p style=\"text-align: justify;\">Em Santa Catarina, com a mudan\u00e7a para Grupo ND, a nova identidade permitir\u00e1 unificar as plataformas j\u00e1 existentes sob o mesmo nome: televis\u00e3o NDTV, jornal impresso ND e portal de not\u00edcias ND+. Est\u00e3o previstas tamb\u00e9m inova\u00e7\u00f5es na programa\u00e7\u00e3o e novos conte\u00fados para o pr\u00f3ximo ano.<\/p>\n<p style=\"text-align: justify;\"><strong><br \/>\nReda\u00e7\u00e3o integrada<\/strong><\/p>\n<p style=\"text-align: justify;\">Entre as novidades est\u00e1 a reda\u00e7\u00e3o totalmente integrada do Grupo ND que reunir\u00e1 profissionais de todas as plataformas \u2013 televis\u00e3o, jornal impresso, revistas e portal de internet \u2013 num mesmo espa\u00e7o f\u00edsico, todos trabalhando lado a lado.<\/p>\n<p style=\"text-align: justify;\">Hoje a RIC Paran\u00e1 e o Grupo ND empregam cerca de 1.000 profissionais. O investimento em capital humano reflete o profissionalismo na produ\u00e7\u00e3o de conte\u00fado distribu\u00eddo pelas mais diversas plataformas atingindo uma popula\u00e7\u00e3o de 17 milh\u00f5es de pessoas.<\/p>\n<p style=\"text-align: justify;\">A nova gest\u00e3o tem independ\u00eancia e autonomia nos dois Estados. A proposta \u00e9 ampliar ainda mais o conte\u00fado que levou a RIC \u00e0 lideran\u00e7a no jornalismo de qualidade reconhecido pelo seu p\u00fablico e anunciantes. \u201cVamos aprofundar radicalmente a nossa rela\u00e7\u00e3o com os catarinenses e oferecer novos produtos, mais informa\u00e7\u00e3o e conte\u00fados de qualidade\u201d, finaliza Marcello Petrelli.<\/p>\n<p style=\"text-align: justify;\">Fonte: Ndmais<\/p>\n","protected":false},"excerpt":{"rendered":"<p>&nbsp; A partir desta ter\u00e7a-feira (3) o Grupo RIC inicia&hellip;<\/p>\n<p> <a class=\"more-link\" href=\"https:\/\/sertsc.org.br\/site\/grupo-ric-agora-e-grupo-nd-confira-os-detalhes-dessa-mudanca\/\">Leia mais<\/a><\/p>\n","protected":false},"author":1,"featured_media":11483,"comment_status":"closed","ping_status":"open","sticky":false,"template":"","format":"standard","meta":{"footnotes":""},"categories":[33],"tags":[],"class_list":{"0":"post-11476","1":"post","2":"type-post","3":"status-publish","4":"format-standard","5":"has-post-thumbnail","7":"category-destaques"},"_links":{"self":[{"href":"https:\/\/sertsc.org.br\/site\/wp-json\/wp\/v2\/posts\/11476","targetHints":{"allow":["GET"]}}],"collection":[{"href":"https:\/\/sertsc.org.br\/site\/wp-json\/wp\/v2\/posts"}],"about":[{"href":"https:\/\/sertsc.org.br\/site\/wp-json\/wp\/v2\/types\/post"}],"author":[{"embeddable":true,"href":"https:\/\/sertsc.org.br\/site\/wp-json\/wp\/v2\/users\/1"}],"replies":[{"embeddable":true,"href":"https:\/\/sertsc.org.br\/site\/wp-json\/wp\/v2\/comments?post=11476"}],"version-history":[{"count":0,"href":"https:\/\/sertsc.org.br\/site\/wp-json\/wp\/v2\/posts\/11476\/revisions"}],"wp:featuredmedia":[{"embeddable":true,"href":"https:\/\/sertsc.org.br\/site\/wp-json\/"}],"wp:attachment":[{"href":"https:\/\/sertsc.org.br\/site\/wp-json\/wp\/v2\/media?parent=11476"}],"wp:term":[{"taxonomy":"category","embeddable":true,"href":"https:\/\/sertsc.org.br\/site\/wp-json\/wp\/v2\/categories?post=11476"},{"taxonomy":"post_tag","embeddable":true,"href":"https:\/\/sertsc.org.br\/site\/wp-json\/wp\/v2\/tags?post=11476"}],"curies":[{"name":"wp","href":"https:\/\/api.w.org\/{rel}","templated":true}]}}