{"id":11473,"date":"2019-12-03T10:08:32","date_gmt":"2019-12-03T13:08:32","guid":{"rendered":"http:\/\/www.sertsc.org.br\/site\/?p=11473"},"modified":"2019-12-03T10:08:32","modified_gmt":"2019-12-03T13:08:32","slug":"convergencia-digital-e-tema-principal-da-nova-etapa-do-programa-de-capacitacao-da-acaert","status":"publish","type":"post","link":"https:\/\/sertsc.org.br\/site\/convergencia-digital-e-tema-principal-da-nova-etapa-do-programa-de-capacitacao-da-acaert\/","title":{"rendered":"Converg\u00eancia digital \u00e9 tema principal da nova etapa do programa de capacita\u00e7\u00e3o da ACAERT"},"content":{"rendered":"<p style=\"text-align: justify;\">A Associa\u00e7\u00e3o Catarinense de Emissoras de R\u00e1dio e Televis\u00e3o (ACAERT) iniciou na\u00a0segunda-feira (2) a nova etapa do programa de capacita\u00e7\u00e3o SMART R\u00e1dio, a qual ter\u00e1 destaque temas como converg\u00eancia digital, programa\u00e7\u00f5es musical e jornal\u00edstica. O programa contar\u00e1 com a participa\u00e7\u00e3o do empres\u00e1rio, jornalista e propriet\u00e1rio do portal\u00a0tudoradio.com, Daniel Starck.<\/p>\n<p style=\"text-align: justify;\">Realizando um ciclo de palestras no decorrer desta semana nas cidades de Blumenau, Chapec\u00f3 e Crici\u00fama, Daniel Starck abordar\u00e1 sobre o tema &#8220;Offline (essenciais) e online: o que o R\u00e1dio precisa considerar nesses dois ambientes&#8221; e discutir\u00e1 sobre a necessidade de converg\u00eancia digital como diferencial competitivo, conciliando os meios.<\/p>\n<p style=\"text-align: justify;\">As palestras ter\u00e3o in\u00edcio nesta ter\u00e7a-feira (3) e ser\u00e3o realizadas nos pr\u00f3ximos tr\u00eas dias nas sedes regionais do Sebrae\/SC. Hoje o encontro acontece a partir das 16h, em Blumenau. J\u00e1 na pr\u00f3xima quarta-feira, \u00e0s 19h30, Daniel Starck ir\u00e1 palestrar em Chapec\u00f3 e o ciclo se encerra na quinta-feira em Crici\u00fama, tamb\u00e9m a partir das 19h30.<\/p>\n<p style=\"text-align: justify;\">Entre as atividades tamb\u00e9m estar\u00e3o as grava\u00e7\u00f5es de m\u00f3dulos das aulas que abordar\u00e3o em rela\u00e7\u00e3o a programa\u00e7\u00f5es musical e jornal\u00edstica, estes que ser\u00e3o disponibilizados aos participantes do programa por meio de cursos \u00e0 dist\u00e2ncia.<\/p>\n<p style=\"text-align: justify;\">A Assessoria de Imprensa da Acaert conversou com o palestrante sobre sua participa\u00e7\u00e3o. Confira:<\/p>\n<p style=\"text-align: justify;\"><strong>&#8211; Quais s\u00e3o suas expectativas para a capacita\u00e7\u00e3o?<\/strong><br \/>\n<em>Estou bastante animado. H\u00e1 uma procura crescente por uma maior profissionaliza\u00e7\u00e3o do setor, atendendo uma demanda que \u00e9 crescente conforme a tecnologia avan\u00e7a. Os desafios est\u00e3o cada vez maiores e vejo que o r\u00e1dio, assim como os profissionais desta \u00e1rea, tem uma oportunidade \u00fanica para aproveitar essas mudan\u00e7as. Basta lembrarmos que o r\u00e1dio \u00e9 o ve\u00edculo que mais tem se adaptado a qualquer nova tecnologia que apareceu ao longo de sua trajet\u00f3ria. E hoje n\u00e3o \u00e9 diferente. Mas \u00e9 preciso investir em conte\u00fados relevantes, n\u00e3o s\u00f3 no formato de transmiss\u00e3o desse material.<\/em><\/p>\n<p style=\"text-align: justify;\"><strong>&#8211; Fale um pouco do conte\u00fado que voc\u00ea vai ministrar.<\/strong><br \/>\n<em>S\u00e3o duas frentes. Nas aulas de ensino a dist\u00e2ncia eu abordo um assunto que parece bem b\u00e1sico na primeira impress\u00e3o. E at\u00e9 uso essa palavra (b\u00e1sico). Falo de programa\u00e7\u00e3o musical em v\u00e1rios formatos de r\u00e1dio e tamb\u00e9m de programa\u00e7\u00e3o jornal\u00edstica, seja ela numa r\u00e1dio musical ou 100% de jornalismo. E, a partir disso, as estrat\u00e9gias que s\u00e3o recomendadas para as r\u00e1dios. Como eu disse: parece b\u00e1sico, mas programa\u00e7\u00e3o \u00e9 o cora\u00e7\u00e3o do r\u00e1dio. De nada adianta uma super estrutura, conectada, se o conte\u00fado entregue falha no b\u00e1sico. E, com uma maior concorr\u00eancia de plataformas, a programa\u00e7\u00e3o precisa ser cada vez mais acertava.<\/em><\/p>\n<p style=\"text-align: justify;\">J\u00e1 nas conversas em Blumenau, Chapec\u00f3 e Crici\u00fama, eu falo de temas que o r\u00e1dio precisa considerar em sua atua\u00e7\u00e3o digital e tamb\u00e9m no offline, dando mais \u00eanfase \u00e0 adapta\u00e7\u00e3o do conte\u00fado de r\u00e1dio nessas novas plataformas. Refor\u00e7o a ideia que precisamos ser cada vez mais acertivos, devido a maior concorr\u00eancia.<\/p>\n<p style=\"text-align: justify;\"><strong>&#8211; Qual a sua opini\u00e3o sobre ensino \u00e0 dist\u00e2ncia?<\/strong><br \/>\n<em>Acho importante. O dia-a-dia \u00e9 um grande impeditivo para os profissionais ampliarem seus conhecimentos e aprimorar suas pr\u00e1ticas. E a internet est\u00e1 a\u00ed para auxiliar nesses casos. Se aproximar mais da rotina dos profissionais, sem a necessidade de deslocamentos e dar a op\u00e7\u00e3o do profissional aproveitar esse conte\u00fado proposto da maneira como preferir.<\/em><\/p>\n<p style=\"text-align: justify;\"><strong>Quais s\u00e3o as tend\u00eancias do mercado para a Radiodifus\u00e3o?<\/strong><br \/>\n<em>O digital \u00e9 algo importante e cada vez mais pr\u00f3ximo do r\u00e1dio. Ele \u00e9 a tend\u00eancia. Acredito que n\u00e3o precisamos ficar presos \u00e0 m\u00e1xima de que \u201cuma coisa substitui a outra\u201d. N\u00e3o \u00e9 poss\u00edvel prever esse tipo de coisa, a chance de errar ao fazer isso \u00e9 grande. Mas o digital j\u00e1 \u00e9 um complemento importante para as atividades das emissoras, em alguns casos mais, outros menos. E, caso o jogo vire, \u00e9 preciso que o r\u00e1dio j\u00e1 esteja pronto. Precisamos lembrar que o digital j\u00e1 est\u00e1 na rotina da popula\u00e7\u00e3o. E isso gera muitas oportunidades para o r\u00e1dio.<\/em><\/p>\n<p>&nbsp;<\/p>\n<p>Fonte: Tudor\u00e1dio<\/p>\n","protected":false},"excerpt":{"rendered":"<p>A Associa\u00e7\u00e3o Catarinense de Emissoras de R\u00e1dio e Televis\u00e3o (ACAERT)&hellip;<\/p>\n<p> <a class=\"more-link\" href=\"https:\/\/sertsc.org.br\/site\/convergencia-digital-e-tema-principal-da-nova-etapa-do-programa-de-capacitacao-da-acaert\/\">Leia mais<\/a><\/p>\n","protected":false},"author":1,"featured_media":11474,"comment_status":"closed","ping_status":"open","sticky":false,"template":"","format":"standard","meta":{"footnotes":""},"categories":[3],"tags":[],"class_list":{"0":"post-11473","1":"post","2":"type-post","3":"status-publish","4":"format-standard","5":"has-post-thumbnail","7":"category-noticias"},"_links":{"self":[{"href":"https:\/\/sertsc.org.br\/site\/wp-json\/wp\/v2\/posts\/11473","targetHints":{"allow":["GET"]}}],"collection":[{"href":"https:\/\/sertsc.org.br\/site\/wp-json\/wp\/v2\/posts"}],"about":[{"href":"https:\/\/sertsc.org.br\/site\/wp-json\/wp\/v2\/types\/post"}],"author":[{"embeddable":true,"href":"https:\/\/sertsc.org.br\/site\/wp-json\/wp\/v2\/users\/1"}],"replies":[{"embeddable":true,"href":"https:\/\/sertsc.org.br\/site\/wp-json\/wp\/v2\/comments?post=11473"}],"version-history":[{"count":0,"href":"https:\/\/sertsc.org.br\/site\/wp-json\/wp\/v2\/posts\/11473\/revisions"}],"wp:featuredmedia":[{"embeddable":true,"href":"https:\/\/sertsc.org.br\/site\/wp-json\/"}],"wp:attachment":[{"href":"https:\/\/sertsc.org.br\/site\/wp-json\/wp\/v2\/media?parent=11473"}],"wp:term":[{"taxonomy":"category","embeddable":true,"href":"https:\/\/sertsc.org.br\/site\/wp-json\/wp\/v2\/categories?post=11473"},{"taxonomy":"post_tag","embeddable":true,"href":"https:\/\/sertsc.org.br\/site\/wp-json\/wp\/v2\/tags?post=11473"}],"curies":[{"name":"wp","href":"https:\/\/api.w.org\/{rel}","templated":true}]}}