{"id":10857,"date":"2019-08-29T14:07:56","date_gmt":"2019-08-29T17:07:56","guid":{"rendered":"http:\/\/www.sertsc.org.br\/site\/?p=10857"},"modified":"2019-08-29T14:07:56","modified_gmt":"2019-08-29T17:07:56","slug":"set-expo-2019-em-painel-do-set-radio-conceito-de-radio-360-destaca-atencao-para-distribuicao-de-conteudo","status":"publish","type":"post","link":"https:\/\/sertsc.org.br\/site\/set-expo-2019-em-painel-do-set-radio-conceito-de-radio-360-destaca-atencao-para-distribuicao-de-conteudo\/","title":{"rendered":"SET Expo 2019 | Em painel do SET R\u00e1dio, conceito de r\u00e1dio 360\u00b0 destaca aten\u00e7\u00e3o para a distribui\u00e7\u00e3o de conte\u00fado"},"content":{"rendered":"<p style=\"text-align: justify;\">Marco Moretto, diretor da R\u00e1dio Hot 107 FM 107.7 de Len\u00e7\u00f3is Paulista, realizou uma apresenta\u00e7\u00e3o h\u00e1 pouco na SET Expo 2019 e abordou sobre o conceito de r\u00e1dio 360\u00ba nas quest\u00f5es musicais, comerciais e de conte\u00fado. O objetivo foi fazer uma an\u00e1lise do meio r\u00e1dio, aliada as tend\u00eancias tecnol\u00f3gicas e tra\u00e7ar uma perspectiva de cen\u00e1rio para o r\u00e1dio de 5 a 20 anos.<\/p>\n<p style=\"text-align: justify;\">\u00c9 primordial para as r\u00e1dios uma atualiza\u00e7\u00e3o de conceito sobre o poder que as m\u00eddias sociais impulsionam o sucesso e, consequentemente, trazem resultados para o mercado. \u00c9 nessa linha de racioc\u00ednio que a apresenta\u00e7\u00e3o foi feita para os presentes na manh\u00e3 desta quarta-feira (28), no Expo Center Norte, em S\u00e3o Paulo.<\/p>\n<p style=\"text-align: justify;\">O chamado r\u00e1dio 360\u00ba consiste na transforma\u00e7\u00e3o do meio, onde conte\u00fados s\u00e3o gerados e novos produtos desenvolvidos, a partir da necessidade\/comportamento da audi\u00eancia. Al\u00e9m do papel preponderante das redes sociais, est\u00e3o aliados tamb\u00e9m a esse conceito aplicativos indexadores de r\u00e1dio, como\u00a0<strong>tudoradio.com<\/strong>, RadiosNet, TuneIn, entre outros, bem como disponibiliza\u00e7\u00e3o de ferramentas de Podcast e plataformas pr\u00f3prias das emissoras, como Apps e site, por exemplo.<\/p>\n<p style=\"text-align: justify;\">As quest\u00f5es musicais, comerciais e de conte\u00fado s\u00e3o agregadores do r\u00e1dio 360\u00ba. Mesmo com o advento do streaming de \u00e1udio, o r\u00e1dio e a televis\u00e3o seguem em alta e as novas tecnologias vem a agregar resultados, n\u00e3o sendo substitu\u00eddas. Por sua vez, uma marca que esteja aliada a um grande ve\u00edculo de comunica\u00e7\u00e3o ser\u00e1 lembrada por consumidores, fato esse que nos remete de que o meio digital nunca vai substituir o tradicional. O conte\u00fado a ser levado ao ar \u00e9 de extrema import\u00e2ncia para manter e agregar usu\u00e1rios ao produto oferecido.<\/p>\n<p style=\"text-align: justify;\">Foi tamb\u00e9m levantada uma reflex\u00e3o sobre o que seria do r\u00e1dio daqui a 20 anos, onde provavelmente o cen\u00e1rio seria outro em rela\u00e7\u00e3o ao modo que estamos acostumados atualmente. Apesar das transforma\u00e7\u00f5es em que passam os meios de comunica\u00e7\u00e3o, estes jamais deixariam de existir e, o que mudaria, \u00e9 o modo da distribui\u00e7\u00e3o de conte\u00fado.<\/p>\n<p style=\"text-align: justify;\">\n<p style=\"text-align: justify;\">Fonte: Tudor\u00e1dio<\/p>\n","protected":false},"excerpt":{"rendered":"<p>Marco Moretto, diretor da R\u00e1dio Hot 107 FM 107.7 de&hellip;<\/p>\n<p> <a class=\"more-link\" href=\"https:\/\/sertsc.org.br\/site\/set-expo-2019-em-painel-do-set-radio-conceito-de-radio-360-destaca-atencao-para-distribuicao-de-conteudo\/\">Leia mais<\/a><\/p>\n","protected":false},"author":1,"featured_media":10859,"comment_status":"closed","ping_status":"open","sticky":false,"template":"","format":"standard","meta":{"footnotes":""},"categories":[3],"tags":[],"class_list":{"0":"post-10857","1":"post","2":"type-post","3":"status-publish","4":"format-standard","5":"has-post-thumbnail","7":"category-noticias"},"_links":{"self":[{"href":"https:\/\/sertsc.org.br\/site\/wp-json\/wp\/v2\/posts\/10857","targetHints":{"allow":["GET"]}}],"collection":[{"href":"https:\/\/sertsc.org.br\/site\/wp-json\/wp\/v2\/posts"}],"about":[{"href":"https:\/\/sertsc.org.br\/site\/wp-json\/wp\/v2\/types\/post"}],"author":[{"embeddable":true,"href":"https:\/\/sertsc.org.br\/site\/wp-json\/wp\/v2\/users\/1"}],"replies":[{"embeddable":true,"href":"https:\/\/sertsc.org.br\/site\/wp-json\/wp\/v2\/comments?post=10857"}],"version-history":[{"count":0,"href":"https:\/\/sertsc.org.br\/site\/wp-json\/wp\/v2\/posts\/10857\/revisions"}],"wp:featuredmedia":[{"embeddable":true,"href":"https:\/\/sertsc.org.br\/site\/wp-json\/"}],"wp:attachment":[{"href":"https:\/\/sertsc.org.br\/site\/wp-json\/wp\/v2\/media?parent=10857"}],"wp:term":[{"taxonomy":"category","embeddable":true,"href":"https:\/\/sertsc.org.br\/site\/wp-json\/wp\/v2\/categories?post=10857"},{"taxonomy":"post_tag","embeddable":true,"href":"https:\/\/sertsc.org.br\/site\/wp-json\/wp\/v2\/tags?post=10857"}],"curies":[{"name":"wp","href":"https:\/\/api.w.org\/{rel}","templated":true}]}}