{"id":10845,"date":"2019-08-28T09:00:01","date_gmt":"2019-08-28T12:00:01","guid":{"rendered":"http:\/\/www.sertsc.org.br\/site\/?p=10845"},"modified":"2019-08-28T09:00:01","modified_gmt":"2019-08-28T12:00:01","slug":"set-expo-2019-set-radio-e-iniciado-nesta-quarta-28-e-aborda-desafios-multiplataformas-do-veiculo","status":"publish","type":"post","link":"https:\/\/sertsc.org.br\/site\/set-expo-2019-set-radio-e-iniciado-nesta-quarta-28-e-aborda-desafios-multiplataformas-do-veiculo\/","title":{"rendered":"SET Expo 2019 | SET R\u00e1dio \u00e9 iniciado nesta quarta (28) e aborda desafios multiplataformas do ve\u00edculo"},"content":{"rendered":"<p style=\"text-align: justify;\">Tecnologias do r\u00e1dio consideradas &#8220;digitais&#8221;\u00a0e &#8220;anal\u00f3gicas&#8221;\u00a0estar\u00e3o em discuss\u00e3o nesta quarta-feira (28) no SET Expo 2019, prova de que o r\u00e1dio vive um momento multiplataforma. Cada tema \u00e9 facilmente integrado a outro, onde a sensa\u00e7\u00e3o \u00e9 de que n\u00e3o h\u00e1 apenas um caminho para o r\u00e1dio de hoje e do futuro. Iniciado na \u00faltima segunda-feira (26), o SET Expo 2019 promove hoje o SET R\u00e1dio (&#8220;Dia do R\u00e1dio&#8221;\u00a0nas edi\u00e7\u00f5es anteriores), programa\u00e7\u00e3o extensa que ser\u00e1 iniciada logo mais, \u00e0s 9h.<\/p>\n<p style=\"text-align: justify;\">O tudoradio.com organizou na \u00faltima segunda-feira (26) um guia para o SET R\u00e1dio, com os detalhes de todos os pain\u00e9is que s\u00e3o de interesse de radialistas e radiodifusores. Temas como transmiss\u00e3o multiplataforma, migra\u00e7\u00e3o AM-FM, ocupa\u00e7\u00e3o dos canais em FM, faturamento, tend\u00eancias como smart-speakers e podcasts, entre outras pautas, ser\u00e3o abordadas por v\u00e1rios palestrantes de peso do meio r\u00e1dio e da tecnologia.<\/p>\n<p style=\"text-align: justify;\">O que estar\u00e1 na mesa? Muitas perguntas e exemplos que podem dar respostas \u00e0 esses questionamentos. Por exemplo: Como acomodar mais FMs no espectro sem que ocorra uma interfer\u00eancia na cobertura j\u00e1 consolidada das esta\u00e7\u00f5es que est\u00e3o no ar? Como produzir, distribuir e monetizar podcasts? Conceito de R\u00e1dio 360\u00ba, com entrega de conte\u00fado multiplataforma.<\/p>\n<p style=\"text-align: justify;\"><strong><br \/>\nTome nota da programa\u00e7\u00e3o (sala 16 &#8211; SET R\u00e1dio):<\/strong><\/p>\n<p style=\"text-align: justify;\"><em>09h20 &gt; Transforma\u00e7\u00e3o do R\u00e1dio (Metamorfose) &#8211; Eduardo Cappia (EMC), Skip Pizzi (NAB), Marco Moretto (Hot 107 FM)<\/em><\/p>\n<p style=\"text-align: justify;\"><em>11h00 &gt; Menos interfer\u00eancias e mais canais no ar &#8211; O Conflito da Recep\u00e7\u00e3o no Dial R\u00e1dio &#8211; Claudio Lorini (Lorini Engenharia), Marcus Aur\u00e9lio Ribeiro Manh\u00e3es (CPqD), Andr\u00e9 Cintra (ABERT) e Paulo Eduardo dos Reis Cardoso (ORER).\u00a0<\/em><\/p>\n<p style=\"text-align: justify;\"><em>14h00 &gt; O Podcast viralizou &#8211; Marco T\u00falio (ZYDigital), Ricardo Gandour (Rede CBN), Mag\u00ea Flores (Folha de S.Paulo) e Rodrigo Tigre (RedMas \/ Audio.ad)<\/em><\/p>\n<p style=\"text-align: justify;\"><em>15h40 &gt; A expans\u00e3o do faturamento do r\u00e1dio &#8211; Rodrigo Neves (AESP\/Grupo Bandeirantes), Josimar Machado (JMV Technology) e Robson Ferri (Ag\u00eancia RF)<\/em><\/p>\n<p style=\"text-align: justify;\"><strong><a href=\"https:\/\/tudoradio.com\/noticias\/ver\/22123-set-expo-2019-guia-do-set-radio-veiculo-ganha-espaco-consideravel-no-congresso-e-tem-extensa-programacao-nesta-quarta-28\">Quer saber mais sobre cada painel, como temas propostos, trabalhos de cada palestrantes, entre outros detalhes? Clique aqui.<\/a><\/strong><\/p>\n<p>&nbsp;<\/p>\n<p style=\"text-align: center;\"><img fetchpriority=\"high\" decoding=\"async\" class=\"aligncenter wp-image-10846 size-full\" src=\"http:\/\/www.sertsc.org.br\/site\/wp-content\/uploads\/2019\/08\/5d65f30878794.jpeg\" alt=\"5d65f30878794\" width=\"500\" height=\"350\" \/><span style=\"color: #000000;\">Logotipo do SET R\u00e1dio durante a cerim\u00f4nia de abertura da feira, realizada nesta ter\u00e7a-feira (27)<\/span><\/p>\n<p>&nbsp;<\/p>\n<p>Fonte: Tudor\u00e1dio<\/p>\n","protected":false},"excerpt":{"rendered":"<p>Tecnologias do r\u00e1dio consideradas &#8220;digitais&#8221;\u00a0e &#8220;anal\u00f3gicas&#8221;\u00a0estar\u00e3o em discuss\u00e3o nesta quarta-feira&hellip;<\/p>\n<p> <a class=\"more-link\" href=\"https:\/\/sertsc.org.br\/site\/set-expo-2019-set-radio-e-iniciado-nesta-quarta-28-e-aborda-desafios-multiplataformas-do-veiculo\/\">Leia mais<\/a><\/p>\n","protected":false},"author":1,"featured_media":10846,"comment_status":"closed","ping_status":"open","sticky":false,"template":"","format":"standard","meta":{"footnotes":""},"categories":[3],"tags":[],"class_list":{"0":"post-10845","1":"post","2":"type-post","3":"status-publish","4":"format-standard","5":"has-post-thumbnail","7":"category-noticias"},"_links":{"self":[{"href":"https:\/\/sertsc.org.br\/site\/wp-json\/wp\/v2\/posts\/10845","targetHints":{"allow":["GET"]}}],"collection":[{"href":"https:\/\/sertsc.org.br\/site\/wp-json\/wp\/v2\/posts"}],"about":[{"href":"https:\/\/sertsc.org.br\/site\/wp-json\/wp\/v2\/types\/post"}],"author":[{"embeddable":true,"href":"https:\/\/sertsc.org.br\/site\/wp-json\/wp\/v2\/users\/1"}],"replies":[{"embeddable":true,"href":"https:\/\/sertsc.org.br\/site\/wp-json\/wp\/v2\/comments?post=10845"}],"version-history":[{"count":0,"href":"https:\/\/sertsc.org.br\/site\/wp-json\/wp\/v2\/posts\/10845\/revisions"}],"wp:featuredmedia":[{"embeddable":true,"href":"https:\/\/sertsc.org.br\/site\/wp-json\/"}],"wp:attachment":[{"href":"https:\/\/sertsc.org.br\/site\/wp-json\/wp\/v2\/media?parent=10845"}],"wp:term":[{"taxonomy":"category","embeddable":true,"href":"https:\/\/sertsc.org.br\/site\/wp-json\/wp\/v2\/categories?post=10845"},{"taxonomy":"post_tag","embeddable":true,"href":"https:\/\/sertsc.org.br\/site\/wp-json\/wp\/v2\/tags?post=10845"}],"curies":[{"name":"wp","href":"https:\/\/api.w.org\/{rel}","templated":true}]}}