{"id":10796,"date":"2019-08-22T15:03:07","date_gmt":"2019-08-22T18:03:07","guid":{"rendered":"http:\/\/www.sertsc.org.br\/site\/?p=10796"},"modified":"2019-08-22T15:03:07","modified_gmt":"2019-08-22T18:03:07","slug":"glossario-da-lgpd","status":"publish","type":"post","link":"https:\/\/sertsc.org.br\/site\/glossario-da-lgpd\/","title":{"rendered":"Gloss\u00e1rio da LGPD"},"content":{"rendered":"<p class=\"document-subtitle\"><strong>Fique por dentro das palavras e termos-chave que d\u00e3o suporte \u00e0 Lei Geral de Prote\u00e7\u00e3o de Dados Pessoais<\/strong><\/p>\n<p style=\"text-align: justify;\">Publicada em agosto de 2018, a LGPD vem aprimorar a prote\u00e7\u00e3o de dados pessoais aos cidad\u00e3os do Brasil. Entender melhor, e desde j\u00e1, a nova legisla\u00e7\u00e3o, que entra em vigor em 2020, \u00e9 importante para ajudar o pa\u00eds na miss\u00e3o coletiva de assegurar a privacidade: a qual \u00e9 um direito fundamental do indiv\u00edduo e, portanto, deve ser salvaguardada com o m\u00e1ximo de cuidado, efici\u00eancia e qualidade.<\/p>\n<p style=\"text-align: justify;\">Sendo assim, que tal conhecer palavras e termos-chave relacionadas \u00e0 Lei Geral de Prote\u00e7\u00e3o de Dados Pessoais e o significado de cada um deles? Confira o gloss\u00e1rio da LGPD abaixo:<\/p>\n<p style=\"text-align: justify;\"><b>A<\/b><strong>gentes de tratamento:<\/strong>\u00a0o controlador e o operador.<\/p>\n<p style=\"text-align: justify;\"><b>A<\/b><strong>nonimiza\u00e7\u00e3o<\/strong>: utiliza\u00e7\u00e3o de meios t\u00e9cnicos razo\u00e1veis e dispon\u00edveis no momento do tratamento, por meio dos quais um dado perde a possibilidade de associa\u00e7\u00e3o, direta ou indireta, a um indiv\u00edduo.<\/p>\n<p style=\"text-align: justify;\"><strong>Autoridade nacional:<\/strong>\u00a0\u00f3rg\u00e3o da administra\u00e7\u00e3o p\u00fablica respons\u00e1vel por zelar, implementar e fiscalizar o cumprimento desta Lei em todo o territ\u00f3rio nacional.<\/p>\n<p style=\"text-align: justify;\"><strong>Banco de dados:<\/strong>\u00a0conjunto estruturado de dados pessoais, estabelecido em um ou em v\u00e1rios locais, em suporte eletr\u00f4nico ou f\u00edsico.<\/p>\n<p style=\"text-align: justify;\"><strong>Bloqueio:<\/strong>\u00a0suspens\u00e3o tempor\u00e1ria de qualquer opera\u00e7\u00e3o de tratamento, mediante guarda do dado pessoal ou do banco de dados.<\/p>\n<p style=\"text-align: justify;\"><strong>Consentimento:<\/strong>\u00a0manifesta\u00e7\u00e3o livre, informada e inequ\u00edvoca pela qual o titular concorda com o tratamento de seus dados pessoais para uma finalidade determinada.<\/p>\n<p style=\"text-align: justify;\"><strong>Controlador:\u00a0<\/strong>pessoa natural ou jur\u00eddica, de direito p\u00fablico ou privado, a quem competem as decis\u00f5es referentes ao tratamento de dados pessoais.<\/p>\n<p style=\"text-align: justify;\"><strong>Dado anonimizado:<\/strong>\u00a0dado relativo a titular que n\u00e3o possa ser identificado, considerando a utiliza\u00e7\u00e3o de meios t\u00e9cnicos razo\u00e1veis e dispon\u00edveis na ocasi\u00e3o de seu tratamento.<\/p>\n<p style=\"text-align: justify;\"><strong>Dado pessoal:<\/strong>\u00a0informa\u00e7\u00e3o relacionada \u00e0 pessoa natural identificada ou identific\u00e1vel.<\/p>\n<p style=\"text-align: justify;\"><strong>Dado pessoal de crian\u00e7a e de adolescente:\u00a0<\/strong>o\u00a0Estatuto da Crian\u00e7a e do Adolescente\u00a0(ECA) considera crian\u00e7a a pessoa at\u00e9 12 anos de idade incompletos e adolescente aquela entre 12 e 18 anos de idade. Em especial, a LGPD determina que as informa\u00e7\u00f5es sobre o tratamento de dados pessoais de crian\u00e7as e de adolescentes dever\u00e3o ser fornecidas de maneira simples, clara e acess\u00edvel de forma a proporcionar a informa\u00e7\u00e3o necess\u00e1ria aos pais ou ao respons\u00e1vel legal e adequada ao entendimento da crian\u00e7a.<\/p>\n<p style=\"text-align: justify;\"><strong>Dado pessoal sens\u00edvel:<\/strong>\u00a0dado pessoal sobre origem racial ou \u00e9tnica, convic\u00e7\u00e3o religiosa, opini\u00e3o pol\u00edtica, filia\u00e7\u00e3o a sindicato ou \u00e0 organiza\u00e7\u00e3o de car\u00e1ter religioso, filos\u00f3fico ou pol\u00edtico, dado referente \u00e0 sa\u00fade ou \u00e0 vida sexual, dado gen\u00e9tico ou biom\u00e9trico, quando vinculado a uma pessoa natural.<\/p>\n<p style=\"text-align: justify;\"><strong>Elimina\u00e7\u00e3o:<\/strong>\u00a0exclus\u00e3o de dado ou de conjunto de dados armazenados em banco de dados, independentemente do procedimento empregado.<\/p>\n<p style=\"text-align: justify;\"><strong>Encarregado:<\/strong>\u00a0pessoa indicada pelo controlador e operador para atuar como canal de comunica\u00e7\u00e3o entre o controlador, os titulares dos dados e a Autoridade Nacional de Prote\u00e7\u00e3o de Dados (ANPD).<\/p>\n<p style=\"text-align: justify;\"><strong>Garantia da seguran\u00e7a da informa\u00e7\u00e3o:<\/strong>\u00a0capacidade de sistemas e organiza\u00e7\u00f5es assegurarem a disponibilidade, a integridade, a confidencialidade e a autenticidade da informa\u00e7\u00e3o. A\u00a0Pol\u00edtica Nacional de Seguran\u00e7a da Informa\u00e7\u00e3o (PNSI)\u00a0disp\u00f5e sobre a governan\u00e7a da seguran\u00e7a da informa\u00e7\u00e3o aos \u00f3rg\u00e3os e \u00e0s entidades da administra\u00e7\u00e3o p\u00fablica federal em seu \u00e2mbito de atua\u00e7\u00e3o.<\/p>\n<p style=\"text-align: justify;\"><strong>Garantia da seguran\u00e7a de dados:<\/strong>\u00a0ver garantia da seguran\u00e7a da informa\u00e7\u00e3o.<\/p>\n<p style=\"text-align: justify;\"><strong>Interoperabilidade:<\/strong>\u00a0capacidade de sistemas e organiza\u00e7\u00f5es operarem entre si. A autoridade nacional poder\u00e1 dispor sobre padr\u00f5es de interoperabilidade para fins de portabilidade, al\u00e9m dos padr\u00f5es de\u00a0interoperabilidade de governo eletr\u00f4nico (ePING).<\/p>\n<p style=\"text-align: justify;\"><strong>Operador:<\/strong>\u00a0pessoa natural ou jur\u00eddica, de direito p\u00fablico ou privado, que realiza o tratamento de dados pessoais em nome do controlador.<\/p>\n<p style=\"text-align: justify;\"><strong>\u00d3rg\u00e3o de pesquisa:\u00a0<\/strong>\u00f3rg\u00e3o ou entidade da administra\u00e7\u00e3o p\u00fablica direta ou indireta ou pessoa jur\u00eddica de direito privado sem fins lucrativos legalmente constitu\u00edda sob as leis brasileiras, com sede e foro no Pa\u00eds, que inclua em sua miss\u00e3o institucional ou em seu objetivo social ou estatut\u00e1rio a pesquisa b\u00e1sica ou aplicada de car\u00e1ter hist\u00f3rico, cient\u00edfico, tecnol\u00f3gico ou estat\u00edstico.<strong><br \/>\n<\/strong><\/p>\n<p style=\"text-align: justify;\"><strong>Relat\u00f3rio de impacto \u00e0 prote\u00e7\u00e3o de dados pessoais:<\/strong>\u00a0documenta\u00e7\u00e3o do controlador que cont\u00e9m a descri\u00e7\u00e3o dos processos de tratamento de dados pessoais que podem gerar riscos \u00e0s liberdades civis e aos direitos fundamentais, bem como medidas, salvaguardas e mecanismos de mitiga\u00e7\u00e3o de risco.<\/p>\n<p style=\"text-align: justify;\"><strong>Titular:<\/strong>\u00a0pessoa natural a quem se referem os dados pessoais que s\u00e3o objeto de tratamento.<\/p>\n<p style=\"text-align: justify;\"><strong>Transfer\u00eancia internacional de dados:<\/strong>\u00a0transfer\u00eancia de dados pessoais para pa\u00eds estrangeiro ou organismo internacional do qual o pa\u00eds seja membro.<\/p>\n<p style=\"text-align: justify;\"><strong>Tratamento:<\/strong>\u00a0toda opera\u00e7\u00e3o realizada com dados pessoais; como as que se referem a:<\/p>\n<ul style=\"text-align: justify;\">\n<li><i>acesso &#8211; possibilidade de comunicar-se com um dispositivo, meio de armazenamento, unidade de rede, mem\u00f3ria, registro, arquivo etc., visando receber, fornecer, ou eliminar dados<\/i><\/li>\n<li><i>armazenamento &#8211; a\u00e7\u00e3o ou resultado de manter ou conservar em reposit\u00f3rio um dado<\/i><\/li>\n<li><i>arquivamento &#8211; ato ou efeito de manter registrado um dado embora j\u00e1 tenha perdido a validade ou esgotada a sua vig\u00eancia<\/i><\/li>\n<li><i>avalia\u00e7\u00e3o &#8211; ato ou efeito de calcular valor sobre um ou mais dados<\/i><\/li>\n<li><i>classifica\u00e7\u00e3o &#8211; maneira de ordenar os dados conforme algum crit\u00e9rio estabelecido<\/i><\/li>\n<li><i>coleta &#8211; recolhimento de dados com finalidade espec\u00edfica<\/i><\/li>\n<li><i>comunica\u00e7\u00e3o &#8211; transmitir informa\u00e7\u00f5es pertinentes a pol\u00edticas de a\u00e7\u00e3o sobre os dados<\/i><\/li>\n<li><i>controle &#8211; a\u00e7\u00e3o ou poder de regular, determinar ou monitorar as a\u00e7\u00f5es sobre o dado<\/i><\/li>\n<li><i>difus\u00e3o &#8211; ato ou efeito de divulga\u00e7\u00e3o, propaga\u00e7\u00e3o, multiplica\u00e7\u00e3o dos dados<\/i><\/li>\n<li><i>distribui\u00e7\u00e3o &#8211; ato ou efeito de dispor de dados de acordo com algum crit\u00e9rio estabelecido<\/i><\/li>\n<li><i>elimina\u00e7\u00e3o &#8211; ato ou efeito de excluir ou destruir dado do reposit\u00f3rio<\/i><\/li>\n<li><i>extra\u00e7\u00e3o &#8211; ato de copiar ou retirar dados do reposit\u00f3rio em que se encontrava<\/i><\/li>\n<li><i>modifica\u00e7\u00e3o &#8211; ato ou efeito de altera\u00e7\u00e3o do dado<\/i><\/li>\n<li><i>processamento &#8211; ato ou efeito de processar dados<\/i><\/li>\n<li><i>produ\u00e7\u00e3o &#8211; cria\u00e7\u00e3o de bens e de servi\u00e7os a partir do tratamento de dados<\/i><\/li>\n<li><i>recep\u00e7\u00e3o &#8211; ato de receber os dados ao final da transmiss\u00e3o<\/i><\/li>\n<li><i>reprodu\u00e7\u00e3o &#8211; c\u00f3pia de dado preexistente obtido por meio de qualquer processo<\/i><\/li>\n<li><i>transfer\u00eancia &#8211; mudan\u00e7a de dados de uma \u00e1rea de armazenamento para outra, ou para terceiro<\/i><\/li>\n<li><i>transmiss\u00e3o &#8211; movimenta\u00e7\u00e3o de dados entre dois pontos por meio de dispositivos el\u00e9tricos, eletr\u00f4nicos, telegr\u00e1ficos, telef\u00f4nicos, radioel\u00e9tricos, pneum\u00e1ticos etc.<\/i><\/li>\n<li><i>utiliza\u00e7\u00e3o &#8211; ato ou efeito do aproveitamento dos dados<\/i><\/li>\n<\/ul>\n<p style=\"text-align: justify;\"><strong>Uso compartilhado de dados:<\/strong>\u00a0comunica\u00e7\u00e3o, difus\u00e3o, transfer\u00eancia internacional, interconex\u00e3o de dados pessoais ou tratamento compartilhado de bancos de dados pessoais por \u00f3rg\u00e3os e entidades p\u00fablicas no cumprimento de suas compet\u00eancias legais, ou entre esses e entes privados, reciprocamente, com autoriza\u00e7\u00e3o espec\u00edfica, para uma ou mais modalidades de tratamento permitidas por esses entes p\u00fablicos, ou entre entes privados.<\/p>\n<p style=\"text-align: justify;\">Fonte: JusBrasil<\/p>\n","protected":false},"excerpt":{"rendered":"<p>Fique por dentro das palavras e termos-chave que d\u00e3o suporte&hellip;<\/p>\n<p> <a class=\"more-link\" href=\"https:\/\/sertsc.org.br\/site\/glossario-da-lgpd\/\">Leia mais<\/a><\/p>\n","protected":false},"author":1,"featured_media":10797,"comment_status":"closed","ping_status":"open","sticky":false,"template":"","format":"standard","meta":{"footnotes":""},"categories":[3],"tags":[],"class_list":{"0":"post-10796","1":"post","2":"type-post","3":"status-publish","4":"format-standard","5":"has-post-thumbnail","7":"category-noticias"},"_links":{"self":[{"href":"https:\/\/sertsc.org.br\/site\/wp-json\/wp\/v2\/posts\/10796","targetHints":{"allow":["GET"]}}],"collection":[{"href":"https:\/\/sertsc.org.br\/site\/wp-json\/wp\/v2\/posts"}],"about":[{"href":"https:\/\/sertsc.org.br\/site\/wp-json\/wp\/v2\/types\/post"}],"author":[{"embeddable":true,"href":"https:\/\/sertsc.org.br\/site\/wp-json\/wp\/v2\/users\/1"}],"replies":[{"embeddable":true,"href":"https:\/\/sertsc.org.br\/site\/wp-json\/wp\/v2\/comments?post=10796"}],"version-history":[{"count":0,"href":"https:\/\/sertsc.org.br\/site\/wp-json\/wp\/v2\/posts\/10796\/revisions"}],"wp:featuredmedia":[{"embeddable":true,"href":"https:\/\/sertsc.org.br\/site\/wp-json\/"}],"wp:attachment":[{"href":"https:\/\/sertsc.org.br\/site\/wp-json\/wp\/v2\/media?parent=10796"}],"wp:term":[{"taxonomy":"category","embeddable":true,"href":"https:\/\/sertsc.org.br\/site\/wp-json\/wp\/v2\/categories?post=10796"},{"taxonomy":"post_tag","embeddable":true,"href":"https:\/\/sertsc.org.br\/site\/wp-json\/wp\/v2\/tags?post=10796"}],"curies":[{"name":"wp","href":"https:\/\/api.w.org\/{rel}","templated":true}]}}