{"id":10786,"date":"2019-08-20T08:59:28","date_gmt":"2019-08-20T11:59:28","guid":{"rendered":"http:\/\/www.sertsc.org.br\/site\/?p=10786"},"modified":"2019-08-20T08:59:28","modified_gmt":"2019-08-20T11:59:28","slug":"comissao-aprova-parcelamento-anual-do-pagamento-de-concessao-de-radiodifusao","status":"publish","type":"post","link":"https:\/\/sertsc.org.br\/site\/comissao-aprova-parcelamento-anual-do-pagamento-de-concessao-de-radiodifusao\/","title":{"rendered":"Comiss\u00e3o aprova parcelamento anual do pagamento de concess\u00e3o de radiodifus\u00e3o"},"content":{"rendered":"<p style=\"text-align: justify;\">A Comiss\u00e3o de Ci\u00eancia e Tecnologia, Comunica\u00e7\u00e3o e Inform\u00e1tica da C\u00e2mara dos Deputados aprovou na semana passada uma proposta que vai facilitar o pagamento da concess\u00e3o de radiodifus\u00e3o. O projeto permite o parcelamento anual do pagamento pela concess\u00e3o, permiss\u00e3o ou autoriza\u00e7\u00e3o de emissoras de r\u00e1dio e televis\u00e3o. O valor poder\u00e1 ser dividido at\u00e9 o fim do prazo de outorga.<\/p>\n<p style=\"text-align: justify;\">Atualmente, os servi\u00e7os de radiodifus\u00e3o s\u00e3o outorgados por licita\u00e7\u00e3o com editais prevendo pagamento de pre\u00e7o m\u00ednimo de acordo com fatores como localidade e popula\u00e7\u00e3o a ser atingida. O texto tamb\u00e9m permite o parcelamento em at\u00e9 120 vezes das taxas cobradas das emissoras de r\u00e1dio para aumento de pot\u00eancia ou migra\u00e7\u00e3o entre faixas (por exemplo, de AM para FM).<\/p>\n<p style=\"text-align: justify;\">O parcelamento ser\u00e1 mensal e n\u00e3o poder\u00e1 ultrapassar o per\u00edodo da outorga. O texto aprovado \u00e9 um substitutivo do deputado Luis Miranda (DEM-DF) ao Projeto de Lei 535\/19 do deputado F\u00e1bio Trad (PSD-MS) e outras duas propostas apensadas (PLs 3697\/19 e 3838\/19).<\/p>\n<p style=\"text-align: justify;\">O projeto original somente previa o parcelamento das taxas de aumento de pot\u00eancia e de migra\u00e7\u00e3o entre faixas em at\u00e9 180 vezes. \u201cA divis\u00e3o do pagamento em 180 parcelas nos parece excessiva, pois os servi\u00e7os de r\u00e1dio s\u00e3o outorgados por um per\u00edodo de 10 anos, equivalente a 120 meses\u201d, disse Miranda.<\/p>\n<p style=\"text-align: justify;\">A proposta altera o C\u00f3digo Brasileiro de Telecomunica\u00e7\u00f5es (Lei 4.117\/62). O c\u00f3digo prev\u00ea a cobran\u00e7a de taxas para a mudan\u00e7a de pot\u00eancia ou de faixas. Os valores s\u00e3o definidos pelo Minist\u00e9rio da Ci\u00eancia, Tecnologia, Inova\u00e7\u00f5es e Comunica\u00e7\u00f5es.<\/p>\n<p style=\"text-align: justify;\">Atualmente, norma do Minist\u00e9rio das Comunica\u00e7\u00f5es (Portaria 231\/13) prev\u00ea que o aumento de pot\u00eancia seja pago em parcela \u00fanica. Com o projeto, Trad espera facilitar o pagamento das taxas pelas emissoras de r\u00e1dio do Pa\u00eds, evitando a inadimpl\u00eancia no setor.<\/p>\n<p style=\"text-align: justify;\">A proposta tramita em car\u00e1ter conclusivo e ainda dever\u00e1 ser analisada pelas comiss\u00f5es de Finan\u00e7as e Tributa\u00e7\u00e3o; e de Constitui\u00e7\u00e3o e Justi\u00e7a e de Cidadania.<\/p>\n<p>&nbsp;<\/p>\n<p>Fonte: TudoR\u00e1dio<\/p>\n","protected":false},"excerpt":{"rendered":"<p>A Comiss\u00e3o de Ci\u00eancia e Tecnologia, Comunica\u00e7\u00e3o e Inform\u00e1tica da&hellip;<\/p>\n<p> <a class=\"more-link\" href=\"https:\/\/sertsc.org.br\/site\/comissao-aprova-parcelamento-anual-do-pagamento-de-concessao-de-radiodifusao\/\">Leia mais<\/a><\/p>\n","protected":false},"author":1,"featured_media":10787,"comment_status":"closed","ping_status":"open","sticky":false,"template":"","format":"standard","meta":{"footnotes":""},"categories":[3],"tags":[],"class_list":{"0":"post-10786","1":"post","2":"type-post","3":"status-publish","4":"format-standard","5":"has-post-thumbnail","7":"category-noticias"},"_links":{"self":[{"href":"https:\/\/sertsc.org.br\/site\/wp-json\/wp\/v2\/posts\/10786","targetHints":{"allow":["GET"]}}],"collection":[{"href":"https:\/\/sertsc.org.br\/site\/wp-json\/wp\/v2\/posts"}],"about":[{"href":"https:\/\/sertsc.org.br\/site\/wp-json\/wp\/v2\/types\/post"}],"author":[{"embeddable":true,"href":"https:\/\/sertsc.org.br\/site\/wp-json\/wp\/v2\/users\/1"}],"replies":[{"embeddable":true,"href":"https:\/\/sertsc.org.br\/site\/wp-json\/wp\/v2\/comments?post=10786"}],"version-history":[{"count":0,"href":"https:\/\/sertsc.org.br\/site\/wp-json\/wp\/v2\/posts\/10786\/revisions"}],"wp:featuredmedia":[{"embeddable":true,"href":"https:\/\/sertsc.org.br\/site\/wp-json\/"}],"wp:attachment":[{"href":"https:\/\/sertsc.org.br\/site\/wp-json\/wp\/v2\/media?parent=10786"}],"wp:term":[{"taxonomy":"category","embeddable":true,"href":"https:\/\/sertsc.org.br\/site\/wp-json\/wp\/v2\/categories?post=10786"},{"taxonomy":"post_tag","embeddable":true,"href":"https:\/\/sertsc.org.br\/site\/wp-json\/wp\/v2\/tags?post=10786"}],"curies":[{"name":"wp","href":"https:\/\/api.w.org\/{rel}","templated":true}]}}