{"id":10783,"date":"2019-08-20T08:46:16","date_gmt":"2019-08-20T11:46:16","guid":{"rendered":"http:\/\/www.sertsc.org.br\/site\/?p=10783"},"modified":"2019-08-20T08:46:16","modified_gmt":"2019-08-20T11:46:16","slug":"jair-bolsonaro-recebe-representantes-da-midia-regional-catarinense","status":"publish","type":"post","link":"https:\/\/sertsc.org.br\/site\/jair-bolsonaro-recebe-representantes-da-midia-regional-catarinense\/","title":{"rendered":"Jair Bolsonaro recebe representantes da m\u00eddia regional catarinense"},"content":{"rendered":"<p style=\"text-align: justify;\">O presidente da Rep\u00fablica, Jair Bolsonaro, receber\u00e1 na pr\u00f3xima quinta-feira (22\/8), \u00e0s 8 horas da manh\u00e3, no Pal\u00e1cio do Planalto, lideran\u00e7as da m\u00eddia regional de Santa Catarina. Ana Paula Melo, presidente do SERT\/SC, \u00e9 uma das integrantes da comitiva.<\/p>\n<p style=\"text-align: justify;\">O encontro faz parte do Momento Brasil, projeto realizado pela Acaert e apoiado pelo SERT\/SC. Tamb\u00e9m foram convidados os\u00a0presidentes da Associa\u00e7\u00e3o dos Di\u00e1rios do Interior, ADI\/SC, e da Associa\u00e7\u00e3o dos Jornais do Interior, ADJORISC, al\u00e9m de representantes de entidades que integram o GSul, grupo que atua coletivamente em prol da radiodifus\u00e3o do Sul do Brasil.<\/p>\n<p style=\"text-align: justify;\">&#8220;A m\u00eddia regional cumpre um papel fundamental dentro do desenvolvimento de Santa Catarina e do Brasil. Prestamos servi\u00e7o p\u00fablico, geramos milhares de empregos e ativamos o consumo. \u00c9 sobre tudo isso que falaremos com o presidente Bolsonaro&#8221;, disse Ana Paula Melo, presidente do SERT\/SC.<\/p>\n","protected":false},"excerpt":{"rendered":"<p>O presidente da Rep\u00fablica, Jair Bolsonaro, receber\u00e1 na pr\u00f3xima quinta-feira&hellip;<\/p>\n<p> <a class=\"more-link\" href=\"https:\/\/sertsc.org.br\/site\/jair-bolsonaro-recebe-representantes-da-midia-regional-catarinense\/\">Leia mais<\/a><\/p>\n","protected":false},"author":1,"featured_media":10773,"comment_status":"closed","ping_status":"open","sticky":false,"template":"","format":"standard","meta":{"footnotes":""},"categories":[3],"tags":[],"class_list":{"0":"post-10783","1":"post","2":"type-post","3":"status-publish","4":"format-standard","5":"has-post-thumbnail","7":"category-noticias"},"_links":{"self":[{"href":"https:\/\/sertsc.org.br\/site\/wp-json\/wp\/v2\/posts\/10783","targetHints":{"allow":["GET"]}}],"collection":[{"href":"https:\/\/sertsc.org.br\/site\/wp-json\/wp\/v2\/posts"}],"about":[{"href":"https:\/\/sertsc.org.br\/site\/wp-json\/wp\/v2\/types\/post"}],"author":[{"embeddable":true,"href":"https:\/\/sertsc.org.br\/site\/wp-json\/wp\/v2\/users\/1"}],"replies":[{"embeddable":true,"href":"https:\/\/sertsc.org.br\/site\/wp-json\/wp\/v2\/comments?post=10783"}],"version-history":[{"count":0,"href":"https:\/\/sertsc.org.br\/site\/wp-json\/wp\/v2\/posts\/10783\/revisions"}],"wp:featuredmedia":[{"embeddable":true,"href":"https:\/\/sertsc.org.br\/site\/wp-json\/"}],"wp:attachment":[{"href":"https:\/\/sertsc.org.br\/site\/wp-json\/wp\/v2\/media?parent=10783"}],"wp:term":[{"taxonomy":"category","embeddable":true,"href":"https:\/\/sertsc.org.br\/site\/wp-json\/wp\/v2\/categories?post=10783"},{"taxonomy":"post_tag","embeddable":true,"href":"https:\/\/sertsc.org.br\/site\/wp-json\/wp\/v2\/tags?post=10783"}],"curies":[{"name":"wp","href":"https:\/\/api.w.org\/{rel}","templated":true}]}}