{"id":10779,"date":"2019-08-20T08:43:45","date_gmt":"2019-08-20T11:43:45","guid":{"rendered":"http:\/\/www.sertsc.org.br\/site\/?p=10779"},"modified":"2019-08-20T08:43:45","modified_gmt":"2019-08-20T11:43:45","slug":"pec-da-reforma-tributaria-conta-com-emendas-voltadas-radiodifusao","status":"publish","type":"post","link":"https:\/\/sertsc.org.br\/site\/pec-da-reforma-tributaria-conta-com-emendas-voltadas-radiodifusao\/","title":{"rendered":"PEC da Reforma Tribut\u00e1ria conta com emendas voltadas \u00e0 radiodifus\u00e3o"},"content":{"rendered":"<p style=\"text-align: justify;\">A Proposta de Emenda Constitucional n\u00ba 45, conhecida como PEC da Reforma Tribut\u00e1ria, est\u00e1 tramitando na C\u00e2mara dos Deputados e deve contar com duas emendas que interessam diretamente o setor de radiodifus\u00e3o. Uma delas mant\u00e9m a imunidade tribut\u00e1ria constitucional para o setor e a outra cria um teto para a al\u00edquota do imposto para o setor dos servi\u00e7os.<\/p>\n<p style=\"text-align: justify;\">A emenda \u00e0 PEC proposta pela deputada Celina Le\u00e3o (PP\/GO), mant\u00e9m a imunidade tribut\u00e1ria constitucional para a radiodifus\u00e3o sonora de sons e imagens. J\u00e1 a emenda do deputado La\u00e9rcio Oliveira (SD\/SE), cria um teto de 30% para a al\u00edquota do imposto \u00fanico para o setor de servi\u00e7os.<\/p>\n<p style=\"text-align: justify;\">Segundo a Associa\u00e7\u00e3o das Emissoras de R\u00e1dio e Televis\u00e3o do Estado de S\u00e3o Paulo (Aesp), as duas emendas s\u00e3o vitais para o setor de radiodifus\u00e3o. Entretanto, para que as emendas comecem a tramitar e possam ser discutidas na comiss\u00e3o, \u00e9 necess\u00e1rio que haja o endosso de pelo menos 171 deputados em cada uma delas.<\/p>\n<p style=\"text-align: justify;\">Associa\u00e7\u00f5es de radiodifus\u00e3o est\u00e3o trabalhando com seus associados para estes consigam o endosso de mais 81 deputados para que as emendas possam tramitar, j\u00e1 que j\u00e1 h\u00e1 a ades\u00e3o de 90 assinaturas em cada uma das emendas.<\/p>\n<p style=\"text-align: justify;\">O prazo para apresenta\u00e7\u00e3o acabar\u00e1 na ter\u00e7a-feira (20), portanto, segundo as associa\u00e7\u00f5es,\u00a0\u00e9 importante que os radiodifusores solicitem o apoio dos deputados amigos da radiodifus\u00e3o para que elas ao menos possam ser discutidas na comiss\u00e3o especial da reforma tribut\u00e1ria.<\/p>\n<p>&nbsp;<\/p>\n<p>Fonte: TudoR\u00e1dio<\/p>\n","protected":false},"excerpt":{"rendered":"<p>A Proposta de Emenda Constitucional n\u00ba 45, conhecida como PEC&hellip;<\/p>\n<p> <a class=\"more-link\" href=\"https:\/\/sertsc.org.br\/site\/pec-da-reforma-tributaria-conta-com-emendas-voltadas-radiodifusao\/\">Leia mais<\/a><\/p>\n","protected":false},"author":1,"featured_media":10780,"comment_status":"closed","ping_status":"open","sticky":false,"template":"","format":"standard","meta":{"footnotes":""},"categories":[3],"tags":[],"class_list":{"0":"post-10779","1":"post","2":"type-post","3":"status-publish","4":"format-standard","5":"has-post-thumbnail","7":"category-noticias"},"_links":{"self":[{"href":"https:\/\/sertsc.org.br\/site\/wp-json\/wp\/v2\/posts\/10779","targetHints":{"allow":["GET"]}}],"collection":[{"href":"https:\/\/sertsc.org.br\/site\/wp-json\/wp\/v2\/posts"}],"about":[{"href":"https:\/\/sertsc.org.br\/site\/wp-json\/wp\/v2\/types\/post"}],"author":[{"embeddable":true,"href":"https:\/\/sertsc.org.br\/site\/wp-json\/wp\/v2\/users\/1"}],"replies":[{"embeddable":true,"href":"https:\/\/sertsc.org.br\/site\/wp-json\/wp\/v2\/comments?post=10779"}],"version-history":[{"count":0,"href":"https:\/\/sertsc.org.br\/site\/wp-json\/wp\/v2\/posts\/10779\/revisions"}],"wp:featuredmedia":[{"embeddable":true,"href":"https:\/\/sertsc.org.br\/site\/wp-json\/"}],"wp:attachment":[{"href":"https:\/\/sertsc.org.br\/site\/wp-json\/wp\/v2\/media?parent=10779"}],"wp:term":[{"taxonomy":"category","embeddable":true,"href":"https:\/\/sertsc.org.br\/site\/wp-json\/wp\/v2\/categories?post=10779"},{"taxonomy":"post_tag","embeddable":true,"href":"https:\/\/sertsc.org.br\/site\/wp-json\/wp\/v2\/tags?post=10779"}],"curies":[{"name":"wp","href":"https:\/\/api.w.org\/{rel}","templated":true}]}}