{"id":10772,"date":"2019-08-19T14:42:28","date_gmt":"2019-08-19T17:42:28","guid":{"rendered":"http:\/\/www.sertsc.org.br\/site\/?p=10772"},"modified":"2019-08-19T14:42:28","modified_gmt":"2019-08-19T17:42:28","slug":"presidente-bolsonaro-recebe-comitiva-da-midia-regional-de-santa-catarina","status":"publish","type":"post","link":"https:\/\/sertsc.org.br\/site\/presidente-bolsonaro-recebe-comitiva-da-midia-regional-de-santa-catarina\/","title":{"rendered":"Presidente Bolsonaro recebe comitiva da M\u00eddia Regional de Santa Catarina"},"content":{"rendered":"<p style=\"text-align: justify;\">O presidente da Rep\u00fablica, Jair Bolsonaro, recebe na pr\u00f3xima quinta-feira (22), \u00e0s 8 horas, em Bras\u00edlia, comitiva da M\u00eddia Regional de Santa Catarina, composta por lideran\u00e7as das entidades representativas dos ve\u00edculos de comunica\u00e7\u00e3o. O encontro, que ser\u00e1 durante caf\u00e9 da manh\u00e3 no Pal\u00e1cio do Planalto, faz parte do Momento Brasil, s\u00e9rie de eventos promovidos pela Associa\u00e7\u00e3o Catarinense de Emissoras de R\u00e1dio e Televis\u00e3o \u2013 ACAERT.<\/p>\n<p style=\"text-align: justify;\">\u00c9 a primeira vez que um presidente da Rep\u00fablica recebe representantes da M\u00eddia Regional catarinense em evento exclusivo. \u201cSer\u00e1 a grande oportunidade de o presidente conhecer o papel e o perfil dos jornais e emissoras de r\u00e1dio e televis\u00e3o do estado, que contribuem decisivamente para o desenvolvimento catarinense\u201d, destaca Marcello Corr\u00eaa Petrelli, presidente da ACAERT.<\/p>\n<p style=\"text-align: justify;\">Foram convidados representantes da Associa\u00e7\u00e3o das Emissoras de Radiodifus\u00e3o do Paran\u00e1 \u2013 AERP e da Associa\u00e7\u00e3o Ga\u00facha de Emissoras de R\u00e1dio e Televis\u00e3o \u2013 AGERT, al\u00e9m\u00a0dos presidentes dos Sindicatos de Empresas de R\u00e1dio e Televis\u00e3o de Santa Catarina, Paran\u00e1 e Rio Grande do Sul.\u00a0Em parceria com a ACAERT, as entidades formam o G-SUL, grupo que atua coletivamente em prol da radiodifus\u00e3o do Sul do Brasil. Juntas representam 875 emissoras de r\u00e1dio e 46 emissoras de tv.\u00a0Da M\u00eddia Regional catarinense, participar\u00e3o os presidentes da Associa\u00e7\u00e3o dos Di\u00e1rios do Interior \u2013 ADI\/SC e da Associa\u00e7\u00e3o dos Jornais do Interior \u2013 ADJORISC.<\/p>\n<p style=\"text-align: justify;\">O projeto Momento Brasil &#8211; conhecer, contribuir e agir &#8211; tem o objetivo de levar para Santa Catarina personalidades de destaque nacional para debater temas importantes voltados \u00e0 pol\u00edtica e economia. O primeiro a participar foi o vice-presidente da Rep\u00fablica, Hamilton Mour\u00e3o, no dia 19 de julho, na sede da FIESC, em Florian\u00f3polis. No dia 30 de agosto, ser\u00e1 a vez do presidente da C\u00e2mara dos Deputados, Rodrigo Maia (DEM) em evento a ser realizado na Assembleia Legislativa.<\/p>\n<p><strong>Servi\u00e7o:<\/strong><\/p>\n<p>O QU\u00ca: \u00a0\u00a0\u00a0\u00a0\u00a0\u00a0\u00a0\u00a0\u00a0\u00a0\u00a0 Momento Brasil<\/p>\n<p>Caf\u00e9 da Manh\u00e3 com o presidente da Rep\u00fablica<\/p>\n<p>Jair Bolsonaro<\/p>\n<p>QUANDO:\u00a0 \u00a0 \u00a0 \u00a0 Quinta-feira (22\/08) \u2013 8 horas<\/p>\n<p>ONDE: \u00a0\u00a0\u00a0\u00a0\u00a0\u00a0\u00a0\u00a0\u00a0\u00a0\u00a0\u00a0 Pal\u00e1cio do Planalto \u2013 Bras\u00edlia<\/p>\n<p>Mais:\u00a0 \u00a0 \u00a0 \u00a0 \u00a0 \u00a0 \u00a0 \u00a0 \u00a0Assessoria de Imprensa ACAERT<\/p>\n<p>(48) 99613-5073 \/ 3212-9612<\/p>\n<p style=\"text-align: left;\">Fonte: Acaert<\/p>\n","protected":false},"excerpt":{"rendered":"<p>O presidente da Rep\u00fablica, Jair Bolsonaro, recebe na pr\u00f3xima quinta-feira&hellip;<\/p>\n<p> <a class=\"more-link\" href=\"https:\/\/sertsc.org.br\/site\/presidente-bolsonaro-recebe-comitiva-da-midia-regional-de-santa-catarina\/\">Leia mais<\/a><\/p>\n","protected":false},"author":1,"featured_media":10773,"comment_status":"closed","ping_status":"open","sticky":false,"template":"","format":"standard","meta":{"footnotes":""},"categories":[33],"tags":[],"class_list":{"0":"post-10772","1":"post","2":"type-post","3":"status-publish","4":"format-standard","5":"has-post-thumbnail","7":"category-destaques"},"_links":{"self":[{"href":"https:\/\/sertsc.org.br\/site\/wp-json\/wp\/v2\/posts\/10772","targetHints":{"allow":["GET"]}}],"collection":[{"href":"https:\/\/sertsc.org.br\/site\/wp-json\/wp\/v2\/posts"}],"about":[{"href":"https:\/\/sertsc.org.br\/site\/wp-json\/wp\/v2\/types\/post"}],"author":[{"embeddable":true,"href":"https:\/\/sertsc.org.br\/site\/wp-json\/wp\/v2\/users\/1"}],"replies":[{"embeddable":true,"href":"https:\/\/sertsc.org.br\/site\/wp-json\/wp\/v2\/comments?post=10772"}],"version-history":[{"count":0,"href":"https:\/\/sertsc.org.br\/site\/wp-json\/wp\/v2\/posts\/10772\/revisions"}],"wp:featuredmedia":[{"embeddable":true,"href":"https:\/\/sertsc.org.br\/site\/wp-json\/"}],"wp:attachment":[{"href":"https:\/\/sertsc.org.br\/site\/wp-json\/wp\/v2\/media?parent=10772"}],"wp:term":[{"taxonomy":"category","embeddable":true,"href":"https:\/\/sertsc.org.br\/site\/wp-json\/wp\/v2\/categories?post=10772"},{"taxonomy":"post_tag","embeddable":true,"href":"https:\/\/sertsc.org.br\/site\/wp-json\/wp\/v2\/tags?post=10772"}],"curies":[{"name":"wp","href":"https:\/\/api.w.org\/{rel}","templated":true}]}}