{"id":10768,"date":"2019-08-15T09:08:09","date_gmt":"2019-08-15T12:08:09","guid":{"rendered":"http:\/\/www.sertsc.org.br\/site\/?p=10768"},"modified":"2019-08-15T09:08:09","modified_gmt":"2019-08-15T12:08:09","slug":"educacao-e-jornalismo-sao-antidotos-contra-fake-news","status":"publish","type":"post","link":"https:\/\/sertsc.org.br\/site\/educacao-e-jornalismo-sao-antidotos-contra-fake-news\/","title":{"rendered":"Educa\u00e7\u00e3o e jornalismo s\u00e3o ant\u00eddotos contra fake news"},"content":{"rendered":"<p style=\"text-align: justify;\">A desinforma\u00e7\u00e3o e o grande volume de not\u00edcias falsas disseminados principalmente nas redes sociais atentam contra a liberdade de express\u00e3o, avaliaram os debatedores de audi\u00eancia p\u00fablica promovida no \u00faltimo m\u00eas pela Comiss\u00e3o de Direitos Humanos e Legisla\u00e7\u00e3o Participativa (CDH). Para enfrentar o problema, eles apostam em \u201calfabetiza\u00e7\u00e3o midi\u00e1tica\u201d e em jornalismo profissional de qualidade.<\/p>\n<p style=\"text-align: justify;\">A influ\u00eancia das fake news na sociedade, potencializada pela internet, est\u00e1 levando \u00e0 desqualifica\u00e7\u00e3o dos ve\u00edculos tradicionais de imprensa e \u00e0 viol\u00eancia contra os profissionais da comunica\u00e7\u00e3o, apontaram representantes de associa\u00e7\u00f5es de jornalistas no Brasil.<\/p>\n<p style=\"text-align: justify;\">Para o diretor-geral da Associa\u00e7\u00e3o Brasileira de Emissoras de R\u00e1dio e Televis\u00e3o (Abert), Cristiano Flores, \u00e9 preciso diferenciar jornalismo profissional de outras fontes de informa\u00e7\u00e3o. \u201cPor ser atividade humana, \u00e9 natural que o jornalismo profissional cometa erros, mas tem CNPJ e endere\u00e7o para assumir essa responsabilidade, com todas as decorr\u00eancias jur\u00eddicas e mais a garantia do direito de resposta\u201d, destacou.<\/p>\n<p style=\"text-align: justify;\">\u201cPor ser atividade humana, \u00e9 natural que o jornalismo profissional cometa erros\u201d<br \/>\nAinda na opini\u00e3o dele, a sociedade sabe onde buscar a not\u00edcia com credibilidade, mesmo assim, compartilha a informa\u00e7\u00e3o falsa e, muitas vezes, cr\u00ea nela. \u00c9 o exemplo do desincentivo \u00e0 vacina\u00e7\u00e3o, com impactos negativos para a sa\u00fade p\u00fablica.<\/p>\n<p style=\"text-align: justify;\">A diretora da Secretaria de Comunica\u00e7\u00e3o Social do Senado, Angela Brand\u00e3o, ressaltou a import\u00e2ncia da transpar\u00eancia na comunica\u00e7\u00e3o p\u00fablica. Ela apontou os ve\u00edculos da Casa como fontes seguras de informa\u00e7\u00e3o sobre a atividade legislativa, a exemplo do portal Senado Not\u00edcias, da Ag\u00eancia Senado, que vem batendo seguidos recordes no n\u00famero de acessos. Angela destacou ainda o trabalho de cobertura da R\u00e1dio e da TV Senado para todo o pa\u00eds e a campanha contra as fake news promovida pela secretaria nos ve\u00edculos e nas redes sociais.<\/p>\n<p style=\"text-align: justify;\">\u201cNossos jornalistas abra\u00e7aram essa campanha. Parte do crescimento do nosso portal de not\u00edcias e das nossas redes sociais tem a ver com o anseio da sociedade de buscar a informa\u00e7\u00e3o em que ela possa confiar. Nossa miss\u00e3o \u00e9 investir nisso para nos transformarmos nesse contraponto fiel, nesse discurso de combate \u00e0 desinforma\u00e7\u00e3o\u201d, afirmou Angela Brand\u00e3o.<\/p>\n<p style=\"text-align: justify;\">Ataques<\/p>\n<p>Coordenador do projeto de prote\u00e7\u00e3o e seguran\u00e7a da ONG Artigo 19, Thiago Firbida ressaltou que o Brasil j\u00e1 est\u00e1 entre os pa\u00edses mais perigosos para o exerc\u00edcio do jornalismo. Entre esses profissionais, um dos alvos s\u00e3o aqueles que fazem checagem de informa\u00e7\u00e3o. Outros sofrem ataques por mera discord\u00e2ncia em rela\u00e7\u00e3o ao conte\u00fado de alguma not\u00edcia, inclusive por parte de autoridades p\u00fablicas que deslegitimam o trabalho do jornalista.<\/p>\n<p style=\"text-align: justify;\">Enfrentar o volume e as consequ\u00eancias das fake news \u00e9 ainda mais complicado por se tratar de um sistema amplo de \u201cdesinforma\u00e7\u00e3o, oculta\u00e7\u00e3o e minimiza\u00e7\u00e3o de sua import\u00e2ncia\u201d, como avaliou Emmanuel Colombi\u00e9,representante dos Rep\u00f3rteres sem Fronteiras.<\/p>\n<p style=\"text-align: justify;\">\u201cPropostas simplistas s\u00e3o algo ineficaz e perigoso para combater fake news\u201d<br \/>\nEsse sistema, ressaltou Colombi\u00e9, envolve pessoas com conhecimento t\u00e9cnico sobre o funcionamento de plataformas (como Google, Twitter, Facebook e WhatsApp) para promover artificialmente a desinforma\u00e7\u00e3o. Trata-se de comentadores pagos, ex\u00e9rcitos de trolls (usu\u00e1rios que provocam e desestabilizam emocionalmente outros na internet), pessoas que controlam centenas de contas com perfil em redes sociais e atuam de forma coordenada para compartilhar essas informa\u00e7\u00f5es.<\/p>\n<p style=\"text-align: justify;\">\u201cPropostas simplistas s\u00e3o algo ineficaz e perigoso para combater fake news. O que temos visto \u00e9 pretexto de combate \u00e0 prolifera\u00e7\u00e3o de not\u00edcias falsas sendo utilizado como instrumento de propaganda por governos de tend\u00eancia autorit\u00e1ria contra jornalistas, vozes dissidentes. A conhecida ret\u00f3rica de Donald Trump \u00e9 um claro exemplo\u201d, alertou Colombi\u00e9.<\/p>\n<p style=\"text-align: justify;\">Plataformas<\/p>\n<p>A estrat\u00e9gia de intoxicar o debate p\u00fablico com discursos de \u00f3dio, a cria\u00e7\u00e3o de nichos ideol\u00f3gicos e o linchamento virtual tamb\u00e9m foram mencionados por Antonio Paulo dos Santos, da Federa\u00e7\u00e3o Nacional dos Jornalistas (Fenaj). Para ele, os projetos de lei s\u00e3o exagerados ao criminalizar todos: quem produz e quem reproduz os conte\u00fados.<\/p>\n<p style=\"text-align: justify;\">O jornalista lembrou que os instrumentos usados pelas plataformas para combater as fake news \u2014 den\u00fancia, remo\u00e7\u00e3o de conte\u00fado e responsabiliza\u00e7\u00e3o \u2014 j\u00e1 fazem parte de um processo de autorregula\u00e7\u00e3o. No entanto, informou ele, 90% dos casos s\u00e3o arquivados por falta de provas. \u201cO grande caminho precisa ser por meio da educa\u00e7\u00e3o nos ve\u00edculos de comunica\u00e7\u00e3o. Alfabetiza\u00e7\u00e3o midi\u00e1tica. Esclarecer e informar, usar a criatividade, apostar nesse aspecto da juventude, que mais usa a internet hoje\u201d, defendeu.<\/p>\n<p style=\"text-align: justify;\">Representante do F\u00f3rum Nacional pela Democratiza\u00e7\u00e3o da Comunica\u00e7\u00e3o (FNDC), Marina Pita questionou o modelo de acesso \u00e0 internet, no qual, para ler not\u00edcias confi\u00e1veis, \u00e9 preciso pagar a assinatura de um jornal, mas para usar o WhatsApp com fake news, n\u00e3o se paga nada.<\/p>\n<p style=\"text-align: justify;\">Jornalismo<\/p>\n<p>A concorr\u00eancia com os rob\u00f4s, respons\u00e1veis j\u00e1 por metade da desinforma\u00e7\u00e3o disseminada nas redes, de acordo com os debatedores, tamb\u00e9m passa pela necessidade de fazer o dever de casa. Uma autocr\u00edtica dos ve\u00edculos tradicionais de comunica\u00e7\u00e3o sobre a produ\u00e7\u00e3o jornal\u00edstica foi sugerida pelo vice-presidente da Associa\u00e7\u00e3o Brasileira de Imprensa (ABI), Cid Benjamim, para quem o conceito de liberdade de express\u00e3o mudou com a internet.<\/p>\n<p style=\"text-align: justify;\">\u201cN\u00e3o h\u00e1 sociedade moderna efetivamente democr\u00e1tica sem a democratiza\u00e7\u00e3o dos meios de comunica\u00e7\u00e3o eletr\u00f4nica. Acho que esse debate \u00e9 permanente. E \u00e9 muito bom que, a partir das fake news, a gente possa tamb\u00e9m falar da comunica\u00e7\u00e3o social em geral\u201d, disse Cid Benjamin.<\/p>\n<p style=\"text-align: justify;\">Representante da Secretaria de Comunica\u00e7\u00e3o Social da C\u00e2mara dos Deputados, Lincoln Mac\u00e1rio avaliou que a m\u00eddia deve vigiar o seu papel por meio de instrumentos como conselhos de comunica\u00e7\u00e3o social, mapeamento do fluxo artificial de informa\u00e7\u00e3o e regulamenta\u00e7\u00e3o.<\/p>\n<p style=\"text-align: justify;\">Legisla\u00e7\u00e3o<\/p>\n<p>O combate \u00e0 desinforma\u00e7\u00e3o \u00e9 um desafio para os legisladores. Nesta semana, o Senado aprovou a Proposta de Emenda \u00e0 Constitui\u00e7\u00e3o (PEC) 17\/2019, que torna a prote\u00e7\u00e3o de dados pessoais nos meios digitais um direito fundamental. Proposi\u00e7\u00f5es como o PLC 79\/2016, a chamada Lei das Teles, que pode ampliar o acesso \u00e0 internet no pa\u00eds, \u00e9 um dos temas que aguardam a an\u00e1lise dos senadores. No Congresso Nacional, tamb\u00e9m foi aprovada nesta semana a cria\u00e7\u00e3o de uma Comiss\u00e3o Mista Parlamentar de Inqu\u00e9rito (CPMI) para investigar as fake news.<\/p>\n<p style=\"text-align: justify;\">Na audi\u00eancia de ontem, os senadores Jaques Wagner (PT-BA) e Jean Paul Prates (PT-RN) repercutiram as not\u00edcias relacionadas aos vazamentos de conversas da Opera\u00e7\u00e3o da Lava Jato como exemplo recente de tentativa de desqualificar o trabalho do jornalista Glenn Greenwald. Ele \u00e9 o respons\u00e1vel pelo site The Intercept Brasil, que publicou di\u00e1logos que teriam sido mantidos entre o ex-juiz e atual ministro S\u00e9rgio Moro e membros do Minist\u00e9rio P\u00fablico.<\/p>\n<p style=\"text-align: justify;\">O senador Paulo Paim (PT-RS), presidente da CDH, leu uma carta da Associa\u00e7\u00e3o Brasileira de Juristas pela Democracia (ABJD), que defendeu o direito de liberdade de express\u00e3o dos profissionais do jornalismo e o apoio ao sigilo da fonte na divulga\u00e7\u00e3o de \u00e1udios.<\/p>\n<p style=\"text-align: justify;\">\n<p style=\"text-align: justify;\">Fonte: FENAERT<\/p>\n","protected":false},"excerpt":{"rendered":"<p>A desinforma\u00e7\u00e3o e o grande volume de not\u00edcias falsas disseminados&hellip;<\/p>\n<p> <a class=\"more-link\" href=\"https:\/\/sertsc.org.br\/site\/educacao-e-jornalismo-sao-antidotos-contra-fake-news\/\">Leia mais<\/a><\/p>\n","protected":false},"author":1,"featured_media":10769,"comment_status":"closed","ping_status":"open","sticky":false,"template":"","format":"standard","meta":{"footnotes":""},"categories":[3],"tags":[],"class_list":{"0":"post-10768","1":"post","2":"type-post","3":"status-publish","4":"format-standard","5":"has-post-thumbnail","7":"category-noticias"},"_links":{"self":[{"href":"https:\/\/sertsc.org.br\/site\/wp-json\/wp\/v2\/posts\/10768","targetHints":{"allow":["GET"]}}],"collection":[{"href":"https:\/\/sertsc.org.br\/site\/wp-json\/wp\/v2\/posts"}],"about":[{"href":"https:\/\/sertsc.org.br\/site\/wp-json\/wp\/v2\/types\/post"}],"author":[{"embeddable":true,"href":"https:\/\/sertsc.org.br\/site\/wp-json\/wp\/v2\/users\/1"}],"replies":[{"embeddable":true,"href":"https:\/\/sertsc.org.br\/site\/wp-json\/wp\/v2\/comments?post=10768"}],"version-history":[{"count":0,"href":"https:\/\/sertsc.org.br\/site\/wp-json\/wp\/v2\/posts\/10768\/revisions"}],"wp:featuredmedia":[{"embeddable":true,"href":"https:\/\/sertsc.org.br\/site\/wp-json\/"}],"wp:attachment":[{"href":"https:\/\/sertsc.org.br\/site\/wp-json\/wp\/v2\/media?parent=10768"}],"wp:term":[{"taxonomy":"category","embeddable":true,"href":"https:\/\/sertsc.org.br\/site\/wp-json\/wp\/v2\/categories?post=10768"},{"taxonomy":"post_tag","embeddable":true,"href":"https:\/\/sertsc.org.br\/site\/wp-json\/wp\/v2\/tags?post=10768"}],"curies":[{"name":"wp","href":"https:\/\/api.w.org\/{rel}","templated":true}]}}