{"id":10764,"date":"2019-08-15T09:02:20","date_gmt":"2019-08-15T12:02:20","guid":{"rendered":"http:\/\/www.sertsc.org.br\/site\/?p=10764"},"modified":"2019-08-15T09:02:20","modified_gmt":"2019-08-15T12:02:20","slug":"75-dos-pedidos-de-migracao-do-am-para-fm-ja-foram-atendidos","status":"publish","type":"post","link":"https:\/\/sertsc.org.br\/site\/75-dos-pedidos-de-migracao-do-am-para-fm-ja-foram-atendidos\/","title":{"rendered":"75% dos pedidos de migra\u00e7\u00e3o do AM para FM j\u00e1 foram atendidos"},"content":{"rendered":"<p style=\"text-align: justify;\">Cerca de 1.240 canais de um total de 1.680 emissoras AM que solicitaram a migra\u00e7\u00e3o para o FM j\u00e1 foram liberados pela Ag\u00eancia Nacional de Telecomunica\u00e7\u00f5es (Anatel). O n\u00famero corresponde a quase 75% dos pedidos. Somente entre julho e agosto deste ano, 40 canais foram contemplados.<\/p>\n<p style=\"text-align: justify;\">Nesta quarta-feira (14), foi divulgada no Di\u00e1rio Oficial da Uni\u00e3o mais uma consulta p\u00fablica da Anatel para receber as contribui\u00e7\u00f5es para altera\u00e7\u00e3o do plano b\u00e1sico de FM em cidades brasileiras.<\/p>\n<p style=\"text-align: justify;\">A consulta adapta as outorgas de r\u00e1dio AM para o FM. Desta vez, nove canais foram contemplados, um em cada cidade: Macei\u00f3 (AL), S\u00e3o Gabriel da Cachoeira (AM), Santo Ant\u00f4nio do I\u00e7\u00e1 (AM), Guarapari (ES), Manhumirim (MS), Guiratinga (MT), Picos (PI), Leme (SP) e Rin\u00f3polis (SP).<\/p>\n<p style=\"text-align: justify;\">\u201cO resultado da migra\u00e7\u00e3o \u00e9 consequ\u00eancia do esfor\u00e7o da Anatel em parceria com a ABERT, que t\u00eam trabalhado intensamente para ajudar as emissoras que desejam migrar\u201d, afirma o diretor de R\u00e1dio da ABERT, Andr\u00e9 Cintra.<\/p>\n<p style=\"text-align: justify;\">As contribui\u00e7\u00f5es para a consulta p\u00fablica devem ser devidamente identificadas e encaminhadas por meio de formul\u00e1rio eletr\u00f4nico do Sistema Interativo de Acompanhamento de Consulta P\u00fablica, dispon\u00edvel no site da Anatel &#8211;\u00a0<a href=\"http:\/\/www.anatel.gov.br\/\">www.anatel.gov.br<\/a>\u00a0&#8211; at\u00e9 as 8h da pr\u00f3xima sexta-feira (23).<\/p>\n<p style=\"text-align: justify;\">\n<p style=\"text-align: justify;\">Fonte: ABERT<\/p>\n","protected":false},"excerpt":{"rendered":"<p>Cerca de 1.240 canais de um total de 1.680 emissoras&hellip;<\/p>\n<p> <a class=\"more-link\" href=\"https:\/\/sertsc.org.br\/site\/75-dos-pedidos-de-migracao-do-am-para-fm-ja-foram-atendidos\/\">Leia mais<\/a><\/p>\n","protected":false},"author":1,"featured_media":10765,"comment_status":"closed","ping_status":"open","sticky":false,"template":"","format":"standard","meta":{"footnotes":""},"categories":[3],"tags":[],"class_list":{"0":"post-10764","1":"post","2":"type-post","3":"status-publish","4":"format-standard","5":"has-post-thumbnail","7":"category-noticias"},"_links":{"self":[{"href":"https:\/\/sertsc.org.br\/site\/wp-json\/wp\/v2\/posts\/10764","targetHints":{"allow":["GET"]}}],"collection":[{"href":"https:\/\/sertsc.org.br\/site\/wp-json\/wp\/v2\/posts"}],"about":[{"href":"https:\/\/sertsc.org.br\/site\/wp-json\/wp\/v2\/types\/post"}],"author":[{"embeddable":true,"href":"https:\/\/sertsc.org.br\/site\/wp-json\/wp\/v2\/users\/1"}],"replies":[{"embeddable":true,"href":"https:\/\/sertsc.org.br\/site\/wp-json\/wp\/v2\/comments?post=10764"}],"version-history":[{"count":0,"href":"https:\/\/sertsc.org.br\/site\/wp-json\/wp\/v2\/posts\/10764\/revisions"}],"wp:featuredmedia":[{"embeddable":true,"href":"https:\/\/sertsc.org.br\/site\/wp-json\/"}],"wp:attachment":[{"href":"https:\/\/sertsc.org.br\/site\/wp-json\/wp\/v2\/media?parent=10764"}],"wp:term":[{"taxonomy":"category","embeddable":true,"href":"https:\/\/sertsc.org.br\/site\/wp-json\/wp\/v2\/categories?post=10764"},{"taxonomy":"post_tag","embeddable":true,"href":"https:\/\/sertsc.org.br\/site\/wp-json\/wp\/v2\/tags?post=10764"}],"curies":[{"name":"wp","href":"https:\/\/api.w.org\/{rel}","templated":true}]}}