{"id":10297,"date":"2019-06-21T08:00:25","date_gmt":"2019-06-21T11:00:25","guid":{"rendered":"http:\/\/www.sertsc.org.br\/site\/?p=10297"},"modified":"2019-06-21T08:00:25","modified_gmt":"2019-06-21T11:00:25","slug":"sertsc-39-ano-de-atividades","status":"publish","type":"post","link":"https:\/\/sertsc.org.br\/site\/sertsc-39-ano-de-atividades\/","title":{"rendered":"SERT\/SC 39 anos de atividades"},"content":{"rendered":"<p style=\"text-align: justify;\">O dia 22 de junho \u00e9 muito especial para n\u00f3s, do SERT\/SC. \u00c9 quando comemoramos o anivers\u00e1rio do sindicato, que completa 39 anos de atividades.<\/p>\n<p style=\"text-align: justify;\">Essa hist\u00f3ria come\u00e7ou gra\u00e7as ao empenho de um grupo de radiodifusores catarinenses que decidiu trabalhar n\u00e3o apenas por suas empresas, mas por todo o setor. Tal exemplo de altru\u00edsmo \u00e9 o que inspira a todos n\u00f3s que trabalhamos no sindicato at\u00e9 os dias atuais.<\/p>\n<p style=\"text-align: justify;\">Ao longo de suas quase quatro d\u00e9cadas de hist\u00f3ria, o SERT\/SC multiplicou suas iniciativas, fazendo-se cada vez mais presente na vida daqueles que integram Santa Catarina atrav\u00e9s do r\u00e1dio e da TV. Por isso, rendemos homenagem para todos os presidentes, diretores, funcion\u00e1rios e parceiros que passaram pelo sindicato e o posicionaram como uma refer\u00eancia n\u00e3o apenas para o nosso estado, mas para todo o Brasil.<\/p>\n<p style=\"text-align: justify;\">Aproveito a oportunidade para refor\u00e7ar o compromisso meu, de toda a diretoria e de toda a equipe do SERT\/SC de seguir trabalhando pelo fortalecimento da radiodifus\u00e3o catarinense, aperfei\u00e7oando os servi\u00e7os que hoje prestamos e lan\u00e7ando novos, sempre em sintonia com os anseios do setor e com aquilo que estabelece o estatuto da nossa entidade.<\/p>\n<p style=\"text-align: justify;\">Atenciosamente,<\/p>\n<p style=\"text-align: justify;\"><strong>Ana Paula Melo<\/strong><\/p>\n<p style=\"text-align: justify;\">Presidente SERT\/SC<\/p>\n","protected":false},"excerpt":{"rendered":"<p>O dia 22 de junho \u00e9 muito especial para n\u00f3s,&hellip;<\/p>\n<p> <a class=\"more-link\" href=\"https:\/\/sertsc.org.br\/site\/sertsc-39-ano-de-atividades\/\">Leia mais<\/a><\/p>\n","protected":false},"author":1,"featured_media":10300,"comment_status":"closed","ping_status":"open","sticky":false,"template":"","format":"standard","meta":{"footnotes":""},"categories":[3],"tags":[],"class_list":{"0":"post-10297","1":"post","2":"type-post","3":"status-publish","4":"format-standard","5":"has-post-thumbnail","7":"category-noticias"},"_links":{"self":[{"href":"https:\/\/sertsc.org.br\/site\/wp-json\/wp\/v2\/posts\/10297","targetHints":{"allow":["GET"]}}],"collection":[{"href":"https:\/\/sertsc.org.br\/site\/wp-json\/wp\/v2\/posts"}],"about":[{"href":"https:\/\/sertsc.org.br\/site\/wp-json\/wp\/v2\/types\/post"}],"author":[{"embeddable":true,"href":"https:\/\/sertsc.org.br\/site\/wp-json\/wp\/v2\/users\/1"}],"replies":[{"embeddable":true,"href":"https:\/\/sertsc.org.br\/site\/wp-json\/wp\/v2\/comments?post=10297"}],"version-history":[{"count":0,"href":"https:\/\/sertsc.org.br\/site\/wp-json\/wp\/v2\/posts\/10297\/revisions"}],"wp:featuredmedia":[{"embeddable":true,"href":"https:\/\/sertsc.org.br\/site\/wp-json\/"}],"wp:attachment":[{"href":"https:\/\/sertsc.org.br\/site\/wp-json\/wp\/v2\/media?parent=10297"}],"wp:term":[{"taxonomy":"category","embeddable":true,"href":"https:\/\/sertsc.org.br\/site\/wp-json\/wp\/v2\/categories?post=10297"},{"taxonomy":"post_tag","embeddable":true,"href":"https:\/\/sertsc.org.br\/site\/wp-json\/wp\/v2\/tags?post=10297"}],"curies":[{"name":"wp","href":"https:\/\/api.w.org\/{rel}","templated":true}]}}