{"id":10288,"date":"2019-06-19T14:50:06","date_gmt":"2019-06-19T17:50:06","guid":{"rendered":"http:\/\/www.sertsc.org.br\/site\/?p=10288"},"modified":"2019-06-19T14:50:06","modified_gmt":"2019-06-19T17:50:06","slug":"jeito-catarinense-e-vencedor-do-premio-empresa-cidada-advbsc-2019","status":"publish","type":"post","link":"https:\/\/sertsc.org.br\/site\/jeito-catarinense-e-vencedor-do-premio-empresa-cidada-advbsc-2019\/","title":{"rendered":"Acaert ganha Pr\u00eamio Empresa Cidad\u00e3 ADVB\/SC 2019"},"content":{"rendered":"<p style=\"text-align: justify;\">&#8220;Jeito Catarinense&#8221;, da Acaert, \u00e9 a ganhadora na categoria Desenvolvimento Cultural da edi\u00e7\u00e3o 2019 do Pr\u00eamio Empresa Cidad\u00e3, entregue pela ADVB\/SC, Associa\u00e7\u00e3o dos Dirigentes de Vendas e Marketing de Santa Catarina.<\/p>\n<p style=\"text-align: justify;\">Atrav\u00e9s da campanha &#8220;Jeito Catarinense&#8221;, a Acaert busca motivar a sociedade a tomar atitudes que visem o bem comum, como cuidar da natureza e tratar as pessoas com respeito, por exemplo. Desde o lan\u00e7amento dessa iniciativa, em 2018, dezenas de milhares de crian\u00e7as j\u00e1 foram mobilizadas em todas as regi\u00f5es do estado.<\/p>\n<p style=\"text-align: justify;\">O SERT\/SC parabeniza a Acaert por essa conquista. Trata-se de um justo reconhecimento ao trabalho desenvolvido pela associa\u00e7\u00e3o e pela radiodifus\u00e3o catarinense em prol de uma sociedade melhor.<\/p>\n","protected":false},"excerpt":{"rendered":"<p>&#8220;Jeito Catarinense&#8221;, da Acaert, \u00e9 a ganhadora na categoria Desenvolvimento&hellip;<\/p>\n<p> <a class=\"more-link\" href=\"https:\/\/sertsc.org.br\/site\/jeito-catarinense-e-vencedor-do-premio-empresa-cidada-advbsc-2019\/\">Leia mais<\/a><\/p>\n","protected":false},"author":1,"featured_media":10280,"comment_status":"closed","ping_status":"open","sticky":false,"template":"","format":"standard","meta":{"footnotes":""},"categories":[33],"tags":[],"class_list":{"0":"post-10288","1":"post","2":"type-post","3":"status-publish","4":"format-standard","5":"has-post-thumbnail","7":"category-destaques"},"_links":{"self":[{"href":"https:\/\/sertsc.org.br\/site\/wp-json\/wp\/v2\/posts\/10288","targetHints":{"allow":["GET"]}}],"collection":[{"href":"https:\/\/sertsc.org.br\/site\/wp-json\/wp\/v2\/posts"}],"about":[{"href":"https:\/\/sertsc.org.br\/site\/wp-json\/wp\/v2\/types\/post"}],"author":[{"embeddable":true,"href":"https:\/\/sertsc.org.br\/site\/wp-json\/wp\/v2\/users\/1"}],"replies":[{"embeddable":true,"href":"https:\/\/sertsc.org.br\/site\/wp-json\/wp\/v2\/comments?post=10288"}],"version-history":[{"count":0,"href":"https:\/\/sertsc.org.br\/site\/wp-json\/wp\/v2\/posts\/10288\/revisions"}],"wp:featuredmedia":[{"embeddable":true,"href":"https:\/\/sertsc.org.br\/site\/wp-json\/"}],"wp:attachment":[{"href":"https:\/\/sertsc.org.br\/site\/wp-json\/wp\/v2\/media?parent=10288"}],"wp:term":[{"taxonomy":"category","embeddable":true,"href":"https:\/\/sertsc.org.br\/site\/wp-json\/wp\/v2\/categories?post=10288"},{"taxonomy":"post_tag","embeddable":true,"href":"https:\/\/sertsc.org.br\/site\/wp-json\/wp\/v2\/tags?post=10288"}],"curies":[{"name":"wp","href":"https:\/\/api.w.org\/{rel}","templated":true}]}}