{"id":10273,"date":"2019-06-19T14:07:46","date_gmt":"2019-06-19T17:07:46","guid":{"rendered":"http:\/\/www.sertsc.org.br\/site\/?p=10273"},"modified":"2019-06-19T14:07:46","modified_gmt":"2019-06-19T17:07:46","slug":"jose-roberto-deschamps-e-eleito-novo-presidente-da-adjorisc","status":"publish","type":"post","link":"https:\/\/sertsc.org.br\/site\/jose-roberto-deschamps-e-eleito-novo-presidente-da-adjorisc\/","title":{"rendered":"Jos\u00e9 Roberto Deschamps \u00e9 eleito novo presidente da Adjori\/SC"},"content":{"rendered":"<p style=\"text-align: justify;\">A Associa\u00e7\u00e3o dos Jornais do Interior de Santa Catarina (Adjori\/SC) elegeu na manh\u00e3 desta sexta-feira (14) a nova diretoria executiva para o mandato 2019-2021. A entidade ser\u00e1 comandada pelo diretor do Jornal Metas, de Gaspar, Jos\u00e9 Roberto Deschamps.\u00a0Ele substitui Miguel \u00c2ngelo Gobbi, que deixa o cargo ap\u00f3s 25 anos.<\/p>\n<p style=\"text-align: justify;\">&#8220;Sou muito grato por estes 25 anos \u00e0 frente da Adjori. Obrigado a cada um de voc\u00eas, parceiros, associados e\u00a0funcion\u00e1rios\u00a0da\u00a0Associa\u00e7\u00e3o, que acreditaram que era\u00a0poss\u00edvel\u00a0transformar uma pequena semente numa \u00e1rvore frondosa e frut\u00edfera por todo o Estado de Santa Catarina. Podemos, seguramente, dizer que somos a maior cobertura do interior. Os n\u00fameros e os fatos falam por si&#8221;, afirmou o ex-presidente Gobbi.<\/p>\n<p style=\"text-align: justify;\">&#8220;Levo da Adjori mais do que resultados. Levo para a vida amigos, alian\u00e7as importantes, mas, especialmente muitas li\u00e7\u00f5es. Foram in\u00fameros os momentos de desafio, mas muito maiores foram as alegrias&#8221;, disse.<\/p>\n<p style=\"text-align: justify;\">&#8220;Somos uma associa\u00e7\u00e3o com 108 jornais impressos, 218 mil exemplares por semana e 1,5 milh\u00e3o de leitores. A Adjori est\u00e1 mais viva do que nunca e jamais morrer\u00e1&#8221;, disse o novo presidente, durante a posse. &#8220;Nosso sucesso passar\u00e1, sem d\u00favida, pela nossa auto supera\u00e7\u00e3o e vontade de mudar, de fazer diferente, sem jamais abrir m\u00e3o da \u00e9tica, da excel\u00eancia e da transpar\u00eancia&#8221;, afirmou Deschamps.<\/p>\n<p style=\"text-align: justify;\">Durante a tarde de sexta-feira, logo ap\u00f3s a posse, Deschamps convocou a nova diretoria para uma primeira reuni\u00e3o de trabalho na sede da Associa\u00e7\u00e3o. A meta \u00e9 alinhar os objetivos e estrat\u00e9gias para os dois anos \u00e0 frente da entidade.<\/p>\n<p><img decoding=\"async\" src=\"http:\/\/polopoly10.suitasistemas.com\/polopoly-web-cliente\/wsarquivos\/1.2147079?arquivo=imagens\/156053218622311.jpg&amp;timer=94jwvomr6n\" data-filename=\"retriever\" \/><br \/>\n<em>Nova diretoria: H\u00e9lio Westphal, Indianara da Silva, Jos\u00e9 Roberto Deschamps, Valmoci de Souza, A\u00edlton Coelho e Ismael Limberger<\/em><\/p>\n<p>&nbsp;<\/p>\n<p style=\"text-align: justify;\">Nova diretoria executiva:<\/p>\n<p style=\"text-align: justify;\">Presidente &#8211; Jos\u00e9 Roberto Deschamps | Jornal Metas, de Gaspar<\/p>\n<p style=\"text-align: justify;\">Vice-presidente &#8211; Valmoci Jesus de Souza | Jornal Nortesul, de Passo de Torres<\/p>\n<p style=\"text-align: justify;\">1\u00ba secret\u00e1rio &#8211; A\u00edlton Coelho | Jornal Parole, de Api\u00fana<\/p>\n<p style=\"text-align: justify;\">2\u00ba secret\u00e1rio &#8211; Ismael Ewald Limberger | Testo Not\u00edcias, de Pomerode<\/p>\n<p style=\"text-align: justify;\">1\u00ba tesoureiro &#8211; H\u00e9lio Westphal | Jornal A Semana, de Curitibanos<\/p>\n<p style=\"text-align: justify;\">2\u00ba tesoureiro &#8211; Indianara Teixeira Pires da Silva | Jornal Novoeste, de Maravilha<\/p>\n<p style=\"text-align: justify;\"><em>Indica\u00e7\u00f5es da presid\u00eancia:<\/em><\/p>\n<p style=\"text-align: justify;\">Diretor cultural &#8211; Eni Voltolini | Jornal Correio do Norte, de Canoinhas<\/p>\n<p style=\"text-align: justify;\">Diretora de Rela\u00e7\u00f5es Institucionais &#8211; Margarete da Silva Paim de Oliveira | Correio Francisquense, de S\u00e3o Francisco do Sul<\/p>\n<p style=\"text-align: justify;\">Vice-presid\u00eancias regionais:<\/p>\n<p style=\"text-align: justify;\">Extremo-Oeste &#8211; Jocimar Borba | Jornal Imprensa do Povo, de Pinhalzinho<\/p>\n<p style=\"text-align: justify;\">Oeste &#8211; D\u00e9cio Carlos Pandolfi | Jornal FolhaSete, de Seara<\/p>\n<p style=\"text-align: justify;\">Meio-Oeste &#8211; S\u00e9rgio Luiz Scarton | A Semana, de Capinzal<\/p>\n<p style=\"text-align: justify;\">Vale e Alto Vale do Itaja\u00ed &#8211; Evandro Loes | Jornal do M\u00e9dio Vale, de Timb\u00f3; O Indaialense, de Indaial<\/p>\n<p style=\"text-align: justify;\">Planalto Norte &#8211; Elis\u00e2ngela Schulka | Di\u00e1rio de Riomafra, de Mafra<\/p>\n<p style=\"text-align: justify;\">Litoral Norte &#8211; Bryan dos Santos Kormann | Not\u00edcia do Litoral, de Bombinhas<\/p>\n<p style=\"text-align: justify;\">Grande Florian\u00f3polis &#8211; Daiane de Abreu Rodrigues | Jornal da Trindade, de Florian\u00f3polis<\/p>\n<p style=\"text-align: justify;\">Sul &#8211; Alaor Alexandre | Jornal do Sul, de Turvo<\/p>\n<p style=\"text-align: justify;\">Planalto Serrano &#8211; T\u00e2nia Regina da Silva | O Momento, de Lages<\/p>\n<p class=\"font-11\" style=\"text-align: justify;\">Fonte: Adjori\/SC<\/p>\n","protected":false},"excerpt":{"rendered":"<p>A Associa\u00e7\u00e3o dos Jornais do Interior de Santa Catarina (Adjori\/SC)&hellip;<\/p>\n<p> <a class=\"more-link\" href=\"https:\/\/sertsc.org.br\/site\/jose-roberto-deschamps-e-eleito-novo-presidente-da-adjorisc\/\">Leia mais<\/a><\/p>\n","protected":false},"author":1,"featured_media":10276,"comment_status":"closed","ping_status":"open","sticky":false,"template":"","format":"standard","meta":{"footnotes":""},"categories":[3],"tags":[],"class_list":{"0":"post-10273","1":"post","2":"type-post","3":"status-publish","4":"format-standard","5":"has-post-thumbnail","7":"category-noticias"},"_links":{"self":[{"href":"https:\/\/sertsc.org.br\/site\/wp-json\/wp\/v2\/posts\/10273","targetHints":{"allow":["GET"]}}],"collection":[{"href":"https:\/\/sertsc.org.br\/site\/wp-json\/wp\/v2\/posts"}],"about":[{"href":"https:\/\/sertsc.org.br\/site\/wp-json\/wp\/v2\/types\/post"}],"author":[{"embeddable":true,"href":"https:\/\/sertsc.org.br\/site\/wp-json\/wp\/v2\/users\/1"}],"replies":[{"embeddable":true,"href":"https:\/\/sertsc.org.br\/site\/wp-json\/wp\/v2\/comments?post=10273"}],"version-history":[{"count":0,"href":"https:\/\/sertsc.org.br\/site\/wp-json\/wp\/v2\/posts\/10273\/revisions"}],"wp:featuredmedia":[{"embeddable":true,"href":"https:\/\/sertsc.org.br\/site\/wp-json\/"}],"wp:attachment":[{"href":"https:\/\/sertsc.org.br\/site\/wp-json\/wp\/v2\/media?parent=10273"}],"wp:term":[{"taxonomy":"category","embeddable":true,"href":"https:\/\/sertsc.org.br\/site\/wp-json\/wp\/v2\/categories?post=10273"},{"taxonomy":"post_tag","embeddable":true,"href":"https:\/\/sertsc.org.br\/site\/wp-json\/wp\/v2\/tags?post=10273"}],"curies":[{"name":"wp","href":"https:\/\/api.w.org\/{rel}","templated":true}]}}