{"id":10266,"date":"2019-06-19T09:28:12","date_gmt":"2019-06-19T12:28:12","guid":{"rendered":"http:\/\/www.sertsc.org.br\/site\/?p=10266"},"modified":"2019-06-19T09:28:12","modified_gmt":"2019-06-19T12:28:12","slug":"gired-aprova-ultimo-estudo-de-liberacao-da-faixa-de-700-mhz","status":"publish","type":"post","link":"https:\/\/sertsc.org.br\/site\/gired-aprova-ultimo-estudo-de-liberacao-da-faixa-de-700-mhz\/","title":{"rendered":"GIRED APROVA \u00daLTIMO ESTUDO DE LIBERA\u00c7\u00c3O DA FAIXA DE 700 MHZ"},"content":{"rendered":"<p style=\"text-align: justify;\">A regi\u00e3o de Santa Cruz do Sul, no Rio Grande do Sul, era a \u00faltima que faltava para a libera\u00e7\u00e3o da frequ\u00eancia para o celular<\/p>\n<p style=\"text-align: justify;\">A partir de agora, todos os munic\u00edpios do pa\u00eds poder\u00e3o operar na faixa 700 MHz e contar com essa forma de servi\u00e7os de telefonia m\u00f3vel e internet de quarta gera\u00e7\u00e3o.<\/p>\n<p style=\"text-align: justify;\">A medida foi aprovada hoje durante reuni\u00e3o do Grupo de Implanta\u00e7\u00e3o do Processo de Distribui\u00e7\u00e3o e Digitaliza\u00e7\u00e3o de Canais de TV e RTV (Gired), realizada em Bras\u00edlia, na Anatel. Trata-se do \u00faltimo estudo de libera\u00e7\u00e3o da faixa de 700 MHz da regi\u00e3o de Santa Cruz do Sul, no Rio Grande do Sul.<em>\u00a0(com assessoria de imprensa)<\/em><\/p>\n<p style=\"text-align: justify;\">\n<p style=\"text-align: justify;\">Fonte: Tele S\u00edntese<\/p>\n","protected":false},"excerpt":{"rendered":"<p>A regi\u00e3o de Santa Cruz do Sul, no Rio Grande&hellip;<\/p>\n<p> <a class=\"more-link\" href=\"https:\/\/sertsc.org.br\/site\/gired-aprova-ultimo-estudo-de-liberacao-da-faixa-de-700-mhz\/\">Leia mais<\/a><\/p>\n","protected":false},"author":1,"featured_media":10267,"comment_status":"closed","ping_status":"open","sticky":false,"template":"","format":"standard","meta":{"footnotes":""},"categories":[3],"tags":[],"class_list":{"0":"post-10266","1":"post","2":"type-post","3":"status-publish","4":"format-standard","5":"has-post-thumbnail","7":"category-noticias"},"_links":{"self":[{"href":"https:\/\/sertsc.org.br\/site\/wp-json\/wp\/v2\/posts\/10266","targetHints":{"allow":["GET"]}}],"collection":[{"href":"https:\/\/sertsc.org.br\/site\/wp-json\/wp\/v2\/posts"}],"about":[{"href":"https:\/\/sertsc.org.br\/site\/wp-json\/wp\/v2\/types\/post"}],"author":[{"embeddable":true,"href":"https:\/\/sertsc.org.br\/site\/wp-json\/wp\/v2\/users\/1"}],"replies":[{"embeddable":true,"href":"https:\/\/sertsc.org.br\/site\/wp-json\/wp\/v2\/comments?post=10266"}],"version-history":[{"count":0,"href":"https:\/\/sertsc.org.br\/site\/wp-json\/wp\/v2\/posts\/10266\/revisions"}],"wp:featuredmedia":[{"embeddable":true,"href":"https:\/\/sertsc.org.br\/site\/wp-json\/"}],"wp:attachment":[{"href":"https:\/\/sertsc.org.br\/site\/wp-json\/wp\/v2\/media?parent=10266"}],"wp:term":[{"taxonomy":"category","embeddable":true,"href":"https:\/\/sertsc.org.br\/site\/wp-json\/wp\/v2\/categories?post=10266"},{"taxonomy":"post_tag","embeddable":true,"href":"https:\/\/sertsc.org.br\/site\/wp-json\/wp\/v2\/tags?post=10266"}],"curies":[{"name":"wp","href":"https:\/\/api.w.org\/{rel}","templated":true}]}}