{"id":10262,"date":"2019-06-19T09:19:25","date_gmt":"2019-06-19T12:19:25","guid":{"rendered":"http:\/\/www.sertsc.org.br\/site\/?p=10262"},"modified":"2019-06-19T09:19:25","modified_gmt":"2019-06-19T12:19:25","slug":"abert-e-abratel-repudiam-cautelar-da-anatel-contra-fox","status":"publish","type":"post","link":"https:\/\/sertsc.org.br\/site\/abert-e-abratel-repudiam-cautelar-da-anatel-contra-fox\/","title":{"rendered":"ABERT E ABRATEL \u201cREPUDIAM\u201d CAUTELAR DA ANATEL CONTRA A FOX"},"content":{"rendered":"<p style=\"text-align: justify;\">A Associa\u00e7\u00e3o Brasileira de Emissoras de R\u00e1dio e Televis\u00e3o (ABERT) e a Associa\u00e7\u00e3o Brasileira de R\u00e1dio e Televis\u00e3o (ABRATEL) divulgaram hoje, 18, \u201cnota de rep\u00fadio\u201d \u00e0 cautelar da Anatel, que mandou a Fox suspender os seus canais lineares de TV pela internet, com base na lei do SeAC.<\/p>\n<p style=\"text-align: justify;\">As entidades, que representam as emissoras comerciais de TV, entre elas a Globo e a Record, consideram inadmiss\u00edvel a decis\u00e3o visto que, argumentam, \u201c\u00e9 princ\u00edpio b\u00e1sico que decis\u00f5es cautelares desta natureza sejam tomadas somente com fortes<br \/>\nevid\u00eancias, por seu colegiado, e n\u00e3o em meio a uma d\u00favida jur\u00eddica publicamente assumida pela Ag\u00eancia, sobretudo quando reconhece a necessidade de<br \/>\nrealiza\u00e7\u00e3o de consulta p\u00fablica para aprofundar a discuss\u00e3o junto \u00e0 sociedade.<\/p>\n<p style=\"text-align: justify;\">Para as entidades, a decis\u00e3o representaria retrocesso no direito do consumidor, e na viola\u00e7\u00e3o \u00e0 livre iniciativa e concorr\u00eancia. \u201cTrata-se de descabida, inaceit\u00e1vel e ilegal interven\u00e7\u00e3o estatal no exerc\u00edcio das atividades econ\u00f4micas. Mais do que isso, a decis\u00e3o contraria frontalmente a vis\u00e3o do governo, refletida na Medida Provis\u00f3ria<br \/>\n881\/2019 (Declara\u00e7\u00e3o de Direitos de Liberdade Econ\u00f4mica), que recha\u00e7a o abuso de poder regulat\u00f3rio que promova reserva de mercado ao favorecer grupo econ\u00f4mico em detrimento da concorr\u00eancia, exceto no caso de previs\u00e3o expl\u00edcita em lei. A prova da falta de tal previs\u00e3o est\u00e1 justamente na reconhecida d\u00favida da \u00e1rea t\u00e9cnica da Anatel sobre o tema.\u201dargumentam.<\/p>\n<p style=\"text-align: justify;\">A ABERT e a ABRATEL ir\u00e3o recorrer da decis\u00e3o e confiam que os diretores da Anatel ir\u00e3o apreciar e revogar a medida cautelar para o pronto restabelecimento da seguran\u00e7a jur\u00eddica, a garantia da ordem econ\u00f4mica e o respeito \u00e0 legalidade.<\/p>\n<p style=\"text-align: justify;\">Fonte: Tele S\u00edntese<\/p>\n","protected":false},"excerpt":{"rendered":"<p>A Associa\u00e7\u00e3o Brasileira de Emissoras de R\u00e1dio e Televis\u00e3o (ABERT)&hellip;<\/p>\n<p> <a class=\"more-link\" href=\"https:\/\/sertsc.org.br\/site\/abert-e-abratel-repudiam-cautelar-da-anatel-contra-fox\/\">Leia mais<\/a><\/p>\n","protected":false},"author":1,"featured_media":10263,"comment_status":"closed","ping_status":"open","sticky":false,"template":"","format":"standard","meta":{"footnotes":""},"categories":[3],"tags":[],"class_list":{"0":"post-10262","1":"post","2":"type-post","3":"status-publish","4":"format-standard","5":"has-post-thumbnail","7":"category-noticias"},"_links":{"self":[{"href":"https:\/\/sertsc.org.br\/site\/wp-json\/wp\/v2\/posts\/10262","targetHints":{"allow":["GET"]}}],"collection":[{"href":"https:\/\/sertsc.org.br\/site\/wp-json\/wp\/v2\/posts"}],"about":[{"href":"https:\/\/sertsc.org.br\/site\/wp-json\/wp\/v2\/types\/post"}],"author":[{"embeddable":true,"href":"https:\/\/sertsc.org.br\/site\/wp-json\/wp\/v2\/users\/1"}],"replies":[{"embeddable":true,"href":"https:\/\/sertsc.org.br\/site\/wp-json\/wp\/v2\/comments?post=10262"}],"version-history":[{"count":0,"href":"https:\/\/sertsc.org.br\/site\/wp-json\/wp\/v2\/posts\/10262\/revisions"}],"wp:featuredmedia":[{"embeddable":true,"href":"https:\/\/sertsc.org.br\/site\/wp-json\/"}],"wp:attachment":[{"href":"https:\/\/sertsc.org.br\/site\/wp-json\/wp\/v2\/media?parent=10262"}],"wp:term":[{"taxonomy":"category","embeddable":true,"href":"https:\/\/sertsc.org.br\/site\/wp-json\/wp\/v2\/categories?post=10262"},{"taxonomy":"post_tag","embeddable":true,"href":"https:\/\/sertsc.org.br\/site\/wp-json\/wp\/v2\/tags?post=10262"}],"curies":[{"name":"wp","href":"https:\/\/api.w.org\/{rel}","templated":true}]}}