{"id":10250,"date":"2019-06-18T10:07:29","date_gmt":"2019-06-18T13:07:29","guid":{"rendered":"http:\/\/www.sertsc.org.br\/site\/?p=10250"},"modified":"2019-06-18T10:07:29","modified_gmt":"2019-06-18T13:07:29","slug":"diretoria-da-fenaert-reune-se-em-brasilia","status":"publish","type":"post","link":"https:\/\/sertsc.org.br\/site\/diretoria-da-fenaert-reune-se-em-brasilia\/","title":{"rendered":"Diretoria da FENAERT reune-se em Bras\u00edlia"},"content":{"rendered":"<p style=\"text-align: justify;\">Dia 25 deste m\u00eas o Vice-Presidente da FENAERT- Federa\u00e7\u00e3o Nacional das Empresas de R\u00e1dio e Televis\u00e3o, Dr. Carlos Alberto Ross, estar\u00e1 em Bras\u00edlia representando Santa Catarina na reuni\u00e3o nacional da diretoria executiva e que tratar\u00e1 de diversos assuntos de interesses da radiodifus\u00e3o, entre os quais, os Reflexos na Contribui\u00e7\u00e3o Patronal e a mudan\u00e7a no Registro Profissional de Radialista em todo Brasil, junto ao Minist\u00e9rio do Trabalho, atual Minist\u00e9rio da Economia.<\/p>\n","protected":false},"excerpt":{"rendered":"<p>Dia 25 deste m\u00eas o Vice-Presidente da FENAERT- Federa\u00e7\u00e3o Nacional&hellip;<\/p>\n<p> <a class=\"more-link\" href=\"https:\/\/sertsc.org.br\/site\/diretoria-da-fenaert-reune-se-em-brasilia\/\">Leia mais<\/a><\/p>\n","protected":false},"author":1,"featured_media":8999,"comment_status":"closed","ping_status":"open","sticky":false,"template":"","format":"standard","meta":{"footnotes":""},"categories":[33],"tags":[],"class_list":{"0":"post-10250","1":"post","2":"type-post","3":"status-publish","4":"format-standard","5":"has-post-thumbnail","7":"category-destaques"},"_links":{"self":[{"href":"https:\/\/sertsc.org.br\/site\/wp-json\/wp\/v2\/posts\/10250","targetHints":{"allow":["GET"]}}],"collection":[{"href":"https:\/\/sertsc.org.br\/site\/wp-json\/wp\/v2\/posts"}],"about":[{"href":"https:\/\/sertsc.org.br\/site\/wp-json\/wp\/v2\/types\/post"}],"author":[{"embeddable":true,"href":"https:\/\/sertsc.org.br\/site\/wp-json\/wp\/v2\/users\/1"}],"replies":[{"embeddable":true,"href":"https:\/\/sertsc.org.br\/site\/wp-json\/wp\/v2\/comments?post=10250"}],"version-history":[{"count":0,"href":"https:\/\/sertsc.org.br\/site\/wp-json\/wp\/v2\/posts\/10250\/revisions"}],"wp:featuredmedia":[{"embeddable":true,"href":"https:\/\/sertsc.org.br\/site\/wp-json\/"}],"wp:attachment":[{"href":"https:\/\/sertsc.org.br\/site\/wp-json\/wp\/v2\/media?parent=10250"}],"wp:term":[{"taxonomy":"category","embeddable":true,"href":"https:\/\/sertsc.org.br\/site\/wp-json\/wp\/v2\/categories?post=10250"},{"taxonomy":"post_tag","embeddable":true,"href":"https:\/\/sertsc.org.br\/site\/wp-json\/wp\/v2\/tags?post=10250"}],"curies":[{"name":"wp","href":"https:\/\/api.w.org\/{rel}","templated":true}]}}