{"id":10246,"date":"2019-06-17T09:28:45","date_gmt":"2019-06-17T12:28:45","guid":{"rendered":"http:\/\/www.sertsc.org.br\/site\/?p=10246"},"modified":"2019-06-17T09:28:45","modified_gmt":"2019-06-17T12:28:45","slug":"sertsc-e-acaert-realizam-primeira-reuniao-do-nucleo-jovem","status":"publish","type":"post","link":"https:\/\/sertsc.org.br\/site\/sertsc-e-acaert-realizam-primeira-reuniao-do-nucleo-jovem\/","title":{"rendered":"SERT\/SC e Acaert realizam primeira reuni\u00e3o do n\u00facleo jovem"},"content":{"rendered":"<p style=\"text-align: justify;\">Na tarde desta sexta-feira (14\/6), o SERT\/SC, representante patronal da radiodifus\u00e3o catarinense, e a Acaert promoveram a primeira reuni\u00e3o do n\u00facleo de jovens radiodifusores. O evento, realizado em Florian\u00f3polis, contou com a presen\u00e7a de novos empres\u00e1rios e executivos do setor, vindos de todas as regi\u00f5es de Santa Catarina. Os trabalhos foram conduzidos pela presidente do SERT\/SC, Ana Paula Melo, ao lado do presidente da Acaert, Marcello Corr\u00eaa Petrelli.<\/p>\n<p style=\"text-align: justify;\">Entre os principais objetivos desse n\u00facleo jovem, est\u00e3o formar as futuras lideran\u00e7as da radiodifus\u00e3o, aproximar os jovens das atividades do SERT\/SC e da Acaert, compartilhar tend\u00eancias e estimular o networking. Al\u00e9m disso, os integrantes do n\u00facleo ter\u00e3o espa\u00e7o especial dentro da programa\u00e7\u00e3o do semin\u00e1rio que o SERT\/SC organiza anualmente.<\/p>\n<p style=\"text-align: justify;\">Durante o encontro, foi eleito o conselho do n\u00facleo jovem, que ter\u00e1 como presidente Romildo Titon, da Simpatia FM de Campos Novos, como vice-presidente Glaucia Gandolfi, da 101,5 FM de Palmitos, e como secret\u00e1rio Thiago Librelato, da r\u00e1dio Cruz de Malta de Lauro M\u00fcller.<\/p>\n<p style=\"text-align: justify;\">Na avalia\u00e7\u00e3o de Ana Paula Melo, o resultado da reuni\u00e3o foi muito positivo. &#8220;Estamos animados com este novo projeto e temos certeza que ele far\u00e1 hist\u00f3ria dentro da radiodifus\u00e3o catarinense&#8221;, afirmou a presidente do SERT\/SC.<\/p>\n<p style=\"text-align: justify;\">\n<p style=\"text-align: justify;\"><img fetchpriority=\"high\" decoding=\"async\" class=\"aligncenter wp-image-10247 size-large\" src=\"http:\/\/www.sertsc.org.br\/site\/wp-content\/uploads\/2019\/06\/DSC02417-1024x682.jpg\" alt=\"DSC02417\" width=\"710\" height=\"473\" \/><\/p>\n","protected":false},"excerpt":{"rendered":"<p>Na tarde desta sexta-feira (14\/6), o SERT\/SC, representante patronal da&hellip;<\/p>\n<p> <a class=\"more-link\" href=\"https:\/\/sertsc.org.br\/site\/sertsc-e-acaert-realizam-primeira-reuniao-do-nucleo-jovem\/\">Leia mais<\/a><\/p>\n","protected":false},"author":1,"featured_media":10248,"comment_status":"closed","ping_status":"open","sticky":false,"template":"","format":"standard","meta":{"footnotes":""},"categories":[33],"tags":[],"class_list":{"0":"post-10246","1":"post","2":"type-post","3":"status-publish","4":"format-standard","5":"has-post-thumbnail","7":"category-destaques"},"_links":{"self":[{"href":"https:\/\/sertsc.org.br\/site\/wp-json\/wp\/v2\/posts\/10246","targetHints":{"allow":["GET"]}}],"collection":[{"href":"https:\/\/sertsc.org.br\/site\/wp-json\/wp\/v2\/posts"}],"about":[{"href":"https:\/\/sertsc.org.br\/site\/wp-json\/wp\/v2\/types\/post"}],"author":[{"embeddable":true,"href":"https:\/\/sertsc.org.br\/site\/wp-json\/wp\/v2\/users\/1"}],"replies":[{"embeddable":true,"href":"https:\/\/sertsc.org.br\/site\/wp-json\/wp\/v2\/comments?post=10246"}],"version-history":[{"count":0,"href":"https:\/\/sertsc.org.br\/site\/wp-json\/wp\/v2\/posts\/10246\/revisions"}],"wp:featuredmedia":[{"embeddable":true,"href":"https:\/\/sertsc.org.br\/site\/wp-json\/"}],"wp:attachment":[{"href":"https:\/\/sertsc.org.br\/site\/wp-json\/wp\/v2\/media?parent=10246"}],"wp:term":[{"taxonomy":"category","embeddable":true,"href":"https:\/\/sertsc.org.br\/site\/wp-json\/wp\/v2\/categories?post=10246"},{"taxonomy":"post_tag","embeddable":true,"href":"https:\/\/sertsc.org.br\/site\/wp-json\/wp\/v2\/tags?post=10246"}],"curies":[{"name":"wp","href":"https:\/\/api.w.org\/{rel}","templated":true}]}}