{"id":10242,"date":"2019-06-17T08:45:26","date_gmt":"2019-06-17T11:45:26","guid":{"rendered":"http:\/\/www.sertsc.org.br\/site\/?p=10242"},"modified":"2019-06-17T08:45:26","modified_gmt":"2019-06-17T11:45:26","slug":"governo-dispensa-radios-de-transmitirem-voz-do-brasil-durante-copa-america","status":"publish","type":"post","link":"https:\/\/sertsc.org.br\/site\/governo-dispensa-radios-de-transmitirem-voz-do-brasil-durante-copa-america\/","title":{"rendered":"GOVERNO DISPENSA R\u00c1DIOS DE TRANSMITIREM VOZ DO BRASIL DURANTE A COPA AM\u00c9RICA"},"content":{"rendered":"<p style=\"text-align: justify;\">As emissoras de r\u00e1dio est\u00e3o dispensadas de transmitir a Voz do Brasil nos dias de partidas disputadas pela sele\u00e7\u00e3o brasileira na Copa Am\u00e9rica, quando as disputas ocorrerem de segunda-feira a sexta-feira, no hor\u00e1rio compreendido entre as dezenove horas e as vinte e duas horas, hor\u00e1rio oficial de Bras\u00edlia. \u00c9 o que determina decreto publicado nesta sexta-feira, 14, em edi\u00e7\u00e3o extra do Di\u00e1rio Oficial da Uni\u00e3o.<\/p>\n<p style=\"text-align: justify;\">A dispensa vale para os jogos realizados no a partir de hoje at\u00e9 o dia 7 de julho, per\u00edodo do campeonato de futebol. A Associa\u00e7\u00e3o Brasileira de Emissoras de R\u00e1dio e Televis\u00e3o (Abert), comemora a medida, mas afirma que continuar\u00e1 trabalhando junto ao governo federal para que os casos excepcionais de flexibiliza\u00e7\u00e3o ou dispensa de retransmiss\u00e3o do programa sejam regulamentados pelo Poder Executivo, como prev\u00ea a lei publicada em abril de 2018.<\/p>\n<p style=\"text-align: justify;\">Para o presidente da entidade, Paulo Tonet Camargo, \u201capesar de a lei ter sido publicada em abril de 2018, a regulamenta\u00e7\u00e3o ainda n\u00e3o foi realizada pelo Poder Executivo, mas as discuss\u00f5es com o atual governo est\u00e3o avan\u00e7adas e a expectativa da Abert \u00e9 que o decreto de regulamenta\u00e7\u00e3o seja publicado nos pr\u00f3ximos meses\u201d.<\/p>\n<p style=\"text-align: justify;\">\n<p style=\"text-align: justify;\">Fonte: Tele S\u00edntise<\/p>\n","protected":false},"excerpt":{"rendered":"<p>As emissoras de r\u00e1dio est\u00e3o dispensadas de transmitir a Voz&hellip;<\/p>\n<p> <a class=\"more-link\" href=\"https:\/\/sertsc.org.br\/site\/governo-dispensa-radios-de-transmitirem-voz-do-brasil-durante-copa-america\/\">Leia mais<\/a><\/p>\n","protected":false},"author":1,"featured_media":10243,"comment_status":"closed","ping_status":"open","sticky":false,"template":"","format":"standard","meta":{"footnotes":""},"categories":[3],"tags":[],"class_list":{"0":"post-10242","1":"post","2":"type-post","3":"status-publish","4":"format-standard","5":"has-post-thumbnail","7":"category-noticias"},"_links":{"self":[{"href":"https:\/\/sertsc.org.br\/site\/wp-json\/wp\/v2\/posts\/10242","targetHints":{"allow":["GET"]}}],"collection":[{"href":"https:\/\/sertsc.org.br\/site\/wp-json\/wp\/v2\/posts"}],"about":[{"href":"https:\/\/sertsc.org.br\/site\/wp-json\/wp\/v2\/types\/post"}],"author":[{"embeddable":true,"href":"https:\/\/sertsc.org.br\/site\/wp-json\/wp\/v2\/users\/1"}],"replies":[{"embeddable":true,"href":"https:\/\/sertsc.org.br\/site\/wp-json\/wp\/v2\/comments?post=10242"}],"version-history":[{"count":0,"href":"https:\/\/sertsc.org.br\/site\/wp-json\/wp\/v2\/posts\/10242\/revisions"}],"wp:featuredmedia":[{"embeddable":true,"href":"https:\/\/sertsc.org.br\/site\/wp-json\/"}],"wp:attachment":[{"href":"https:\/\/sertsc.org.br\/site\/wp-json\/wp\/v2\/media?parent=10242"}],"wp:term":[{"taxonomy":"category","embeddable":true,"href":"https:\/\/sertsc.org.br\/site\/wp-json\/wp\/v2\/categories?post=10242"},{"taxonomy":"post_tag","embeddable":true,"href":"https:\/\/sertsc.org.br\/site\/wp-json\/wp\/v2\/tags?post=10242"}],"curies":[{"name":"wp","href":"https:\/\/api.w.org\/{rel}","templated":true}]}}