{"id":10237,"date":"2019-06-14T11:16:30","date_gmt":"2019-06-14T14:16:30","guid":{"rendered":"http:\/\/www.sertsc.org.br\/site\/?p=10237"},"modified":"2019-06-14T11:16:30","modified_gmt":"2019-06-14T14:16:30","slug":"anatel-propoe-que-canais-5-e-6-da-tv-analogica-sejam-destinados-para-radios-fm","status":"publish","type":"post","link":"https:\/\/sertsc.org.br\/site\/anatel-propoe-que-canais-5-e-6-da-tv-analogica-sejam-destinados-para-radios-fm\/","title":{"rendered":"ANATEL PROP\u00d5E QUE CANAIS 5 E 6 DA TV ANAL\u00d3GICA SEJAM DESTINADOS PARA R\u00c1DIOS FM"},"content":{"rendered":"<p style=\"text-align: justify;\">O conselho diretor da Anatel aprovou hoje, 13, consulta p\u00fablica, com audi\u00eancias p\u00fablicas, para a reavalia\u00e7\u00e3o da regulamenta\u00e7\u00e3o t\u00e9cnica da radiodifus\u00e3o. A principal mudan\u00e7a est\u00e1 na inten\u00e7\u00e3o da ag\u00eancia de destinar os canais 5 e 6 que eram ocupados pela TV anal\u00f3gica, e com a digitaliza\u00e7\u00e3o desse servi\u00e7o ficam vagos, para as emissoras FM.<\/p>\n<p style=\"text-align: justify;\">Conforme t\u00e9cnicos da Anatel, a frequ\u00eancia de VHF onde est\u00e3o localizados esses canais \u2013 que vai de 76 a 88 MHz -, por ser muito baixa, n\u00e3o tem previs\u00e3o, pelo menos por muitos anos, para ser ocupada por qualquer outro servi\u00e7os de telecomunica\u00e7\u00f5es, mesmo para a banda larga, e \u00e9 prop\u00edcia para a FM.<\/p>\n<p style=\"text-align: justify;\">Com essa nova aloca\u00e7\u00e3o, a Anatel poder\u00e1 resolver os mais de 400 pedidos das r\u00e1dios AM que querem migrar para a FM, mas que aguardam libera\u00e7\u00e3o de espectro, principalmente nas grandes cidades. Ao todo, ser\u00e3o disponibilizados 57 novos canais para essas emissoras de r\u00e1dio FM comerciais, visto que tr\u00eas desses canais est\u00e3o destinados para as emissoras de r\u00e1dio comunit\u00e1rias.<\/p>\n<p style=\"text-align: justify;\">Jap\u00e3o e R\u00fassia j\u00e1 definiram esse espectro para as r\u00e1dios FM, o que, no caso do Jap\u00e3o, auxilia na aquisi\u00e7\u00e3o, pelo Brasil, dos novos r\u00e1dios, pois ter\u00e1 que haver mudan\u00e7a no dial dos equipamentos, com a incorpora\u00e7\u00e3o dessas bandas. Norma do governo j\u00e1 determinou que os novos r\u00e1dios acoplados aos carros venham com a extens\u00e3o deste espectro nos dials dos aparelhos.<\/p>\n<p style=\"text-align: justify;\">Para o presidente da Anatel, Leonardo Morais, essa mudan\u00e7a ir\u00e1 \u201cpossibilitar que a radiodifus\u00e3o sonora tamb\u00e9m possa se reinventar\u201d.<\/p>\n<p style=\"text-align: justify;\">\u201cAs emissoras em OM desde 2013 ansiosamente aguardam a oportunidade de adaptar suas outorgas. Isso porque, para elas, a migra\u00e7\u00e3o \u00e9 um passo essencial para a sua sobreviv\u00eancia no concorrido mercado de comunica\u00e7\u00f5es eletr\u00f4nicas de massa.<\/p>\n<p style=\"text-align: justify;\">Al\u00e9m do maior p\u00fablico ouvinte e enorme disponibilidade de receptores em FM \u2013 considerando, principalmente, a exist\u00eancia de modelos port\u00e1teis e receptores integrados em smartphones \u2013, a superioridade t\u00e9cnica \u00e9 indiscut\u00edvel, seja pela maior qualidade do som est\u00e9reo, seja pela comparativa simplicidade e economicidade da opera\u00e7\u00e3o do s\u00edtio de transmiss\u00e3o\u201d, completou Morais<\/p>\n<p style=\"text-align: justify;\">\n<p style=\"text-align: justify;\">Fonte: Tele S\u00edntese<\/p>\n","protected":false},"excerpt":{"rendered":"<p>O conselho diretor da Anatel aprovou hoje, 13, consulta p\u00fablica,&hellip;<\/p>\n<p> <a class=\"more-link\" href=\"https:\/\/sertsc.org.br\/site\/anatel-propoe-que-canais-5-e-6-da-tv-analogica-sejam-destinados-para-radios-fm\/\">Leia mais<\/a><\/p>\n","protected":false},"author":1,"featured_media":10239,"comment_status":"closed","ping_status":"open","sticky":false,"template":"","format":"standard","meta":{"footnotes":""},"categories":[3],"tags":[],"class_list":{"0":"post-10237","1":"post","2":"type-post","3":"status-publish","4":"format-standard","5":"has-post-thumbnail","7":"category-noticias"},"_links":{"self":[{"href":"https:\/\/sertsc.org.br\/site\/wp-json\/wp\/v2\/posts\/10237","targetHints":{"allow":["GET"]}}],"collection":[{"href":"https:\/\/sertsc.org.br\/site\/wp-json\/wp\/v2\/posts"}],"about":[{"href":"https:\/\/sertsc.org.br\/site\/wp-json\/wp\/v2\/types\/post"}],"author":[{"embeddable":true,"href":"https:\/\/sertsc.org.br\/site\/wp-json\/wp\/v2\/users\/1"}],"replies":[{"embeddable":true,"href":"https:\/\/sertsc.org.br\/site\/wp-json\/wp\/v2\/comments?post=10237"}],"version-history":[{"count":0,"href":"https:\/\/sertsc.org.br\/site\/wp-json\/wp\/v2\/posts\/10237\/revisions"}],"wp:featuredmedia":[{"embeddable":true,"href":"https:\/\/sertsc.org.br\/site\/wp-json\/"}],"wp:attachment":[{"href":"https:\/\/sertsc.org.br\/site\/wp-json\/wp\/v2\/media?parent=10237"}],"wp:term":[{"taxonomy":"category","embeddable":true,"href":"https:\/\/sertsc.org.br\/site\/wp-json\/wp\/v2\/categories?post=10237"},{"taxonomy":"post_tag","embeddable":true,"href":"https:\/\/sertsc.org.br\/site\/wp-json\/wp\/v2\/tags?post=10237"}],"curies":[{"name":"wp","href":"https:\/\/api.w.org\/{rel}","templated":true}]}}