{"id":492576,"date":"2025-03-13T16:14:39","date_gmt":"2025-03-13T19:14:39","guid":{"rendered":"http:\/\/sertsc.org.br\/cursos\/?p=492576"},"modified":"2025-10-02T08:01:49","modified_gmt":"2025-10-02T11:01:49","slug":"inicio-das-negociacoes-para-a-cct-2025","status":"publish","type":"post","link":"https:\/\/sertsc.org.br\/cursos\/2025\/03\/13\/inicio-das-negociacoes-para-a-cct-2025\/","title":{"rendered":"In\u00edcio das Negocia\u00e7\u00f5es para a CCT 2025"},"content":{"rendered":"<p>Nesta quinta-feira, dia 13 de mar\u00e7o, aconteceu a primeira rodada de negocia\u00e7\u00f5es da comiss\u00e3o do SERT\/SC e o SINDIRADIOSC, neste momento representado pelo presidente Ant\u00f4nio Gomes Filho.<\/p>\n<p>Ainda n\u00e3o houve a conclus\u00e3o e por isso novas rodadas ser\u00e3o agendadas posteriormente. O presidente do SERT\/SC, Evel\u00e1sio Vieira Neto, pondera que \u201c\u00e9 um processo e o avan\u00e7o das negocia\u00e7\u00f5es depender\u00e1 da administra\u00e7\u00e3o das expectativas de ambos os lados. \u00c9 importante levar em conta que n\u00e3o s\u00e3o lados opostos, mas elementos que trabalham aliados para o desenvolvimento da radiodifus\u00e3o catarinense\u201d.<\/p>\n<p>T\u00e3o logo ocorra qualquer mudan\u00e7a no status da negocia\u00e7\u00e3o da Conven\u00e7\u00e3o Coletiva de Trabalho, o SERT\/SC publicar\u00e1 aqui no site e tamb\u00e9m nas redes sociais.<\/p>\n<p>&nbsp;<\/p>\n","protected":false},"excerpt":{"rendered":"<p>Nesta quinta-feira, dia 13 de mar\u00e7o, aconteceu a primeira rodada [&hellip;]<\/p>\n","protected":false},"author":2,"featured_media":492730,"comment_status":"closed","ping_status":"closed","sticky":false,"template":"","format":"standard","meta":{"footnotes":""},"categories":[1],"tags":[],"class_list":["post-492576","post","type-post","status-publish","format-standard","has-post-thumbnail","hentry","category-noticias"],"_links":{"self":[{"href":"https:\/\/sertsc.org.br\/cursos\/wp-json\/wp\/v2\/posts\/492576","targetHints":{"allow":["GET"]}}],"collection":[{"href":"https:\/\/sertsc.org.br\/cursos\/wp-json\/wp\/v2\/posts"}],"about":[{"href":"https:\/\/sertsc.org.br\/cursos\/wp-json\/wp\/v2\/types\/post"}],"author":[{"embeddable":true,"href":"https:\/\/sertsc.org.br\/cursos\/wp-json\/wp\/v2\/users\/2"}],"replies":[{"embeddable":true,"href":"https:\/\/sertsc.org.br\/cursos\/wp-json\/wp\/v2\/comments?post=492576"}],"version-history":[{"count":2,"href":"https:\/\/sertsc.org.br\/cursos\/wp-json\/wp\/v2\/posts\/492576\/revisions"}],"predecessor-version":[{"id":492880,"href":"https:\/\/sertsc.org.br\/cursos\/wp-json\/wp\/v2\/posts\/492576\/revisions\/492880"}],"wp:featuredmedia":[{"embeddable":true,"href":"https:\/\/sertsc.org.br\/cursos\/wp-json\/wp\/v2\/media\/492730"}],"wp:attachment":[{"href":"https:\/\/sertsc.org.br\/cursos\/wp-json\/wp\/v2\/media?parent=492576"}],"wp:term":[{"taxonomy":"category","embeddable":true,"href":"https:\/\/sertsc.org.br\/cursos\/wp-json\/wp\/v2\/categories?post=492576"},{"taxonomy":"post_tag","embeddable":true,"href":"https:\/\/sertsc.org.br\/cursos\/wp-json\/wp\/v2\/tags?post=492576"}],"curies":[{"name":"wp","href":"https:\/\/api.w.org\/{rel}","templated":true}]}}